{"id":7467,"date":"2026-01-20T03:03:14","date_gmt":"2026-01-20T07:03:14","guid":{"rendered":"https:\/\/elmundodelapolitica.com\/v1\/pld-exige-investigar-graves-denuncias-de-corrupcion-que-salpican-instituciones-del-estado\/"},"modified":"2026-01-20T03:03:14","modified_gmt":"2026-01-20T07:03:14","slug":"pld-exige-investigar-graves-denuncias-de-corrupcion-que-salpican-instituciones-del-estado","status":"publish","type":"post","link":"https:\/\/elmundodelapolitica.com\/v1\/pld-exige-investigar-graves-denuncias-de-corrupcion-que-salpican-instituciones-del-estado\/","title":{"rendered":"PLD exige investigar graves denuncias de corrupci\u00f3n que salpican instituciones del Estado"},"content":{"rendered":"<div>Santo Domingo. \u2013 El Partido de la Liberaci\u00f3n Dominicana (PLD) solicit\u00f3 este martes al Ministerio P\u00fablico iniciar investigaciones exhaustivas, objetivas e imparciales sobre una serie de denuncias de presunta corrupci\u00f3n que, seg\u00fan afirm\u00f3, han sido expuestas de manera reiterada en distintos medios de comunicaci\u00f3n y comprometen a varias instituciones del Estado. Durante su acostumbrado encuentro [\u2026]<\/div>\n","protected":false},"excerpt":{"rendered":"<p>Santo Domingo. \u2013 El Partido de la Liberaci\u00f3n Dominicana (PLD) solicit\u00f3 este martes al Ministerio P\u00fablico iniciar investigaciones exhaustivas, objetivas e imparciales sobre una serie de denuncias de presunta corrupci\u00f3n&hellip; <\/p>\n","protected":false},"author":1,"featured_media":0,"comment_status":"closed","ping_status":"closed","sticky":false,"template":"","format":"standard","meta":{"fifu_image_url":"","fifu_image_alt":"","footnotes":""},"categories":[17],"tags":[],"class_list":["post-7467","post","type-post","status-publish","format-standard","hentry","category-politica"],"_links":{"self":[{"href":"https:\/\/elmundodelapolitica.com\/v1\/wp-json\/wp\/v2\/posts\/7467","targetHints":{"allow":["GET"]}}],"collection":[{"href":"https:\/\/elmundodelapolitica.com\/v1\/wp-json\/wp\/v2\/posts"}],"about":[{"href":"https:\/\/elmundodelapolitica.com\/v1\/wp-json\/wp\/v2\/types\/post"}],"author":[{"embeddable":true,"href":"https:\/\/elmundodelapolitica.com\/v1\/wp-json\/wp\/v2\/users\/1"}],"replies":[{"embeddable":true,"href":"https:\/\/elmundodelapolitica.com\/v1\/wp-json\/wp\/v2\/comments?post=7467"}],"version-history":[{"count":0,"href":"https:\/\/elmundodelapolitica.com\/v1\/wp-json\/wp\/v2\/posts\/7467\/revisions"}],"wp:attachment":[{"href":"https:\/\/elmundodelapolitica.com\/v1\/wp-json\/wp\/v2\/media?parent=7467"}],"wp:term":[{"taxonomy":"category","embeddable":true,"href":"https:\/\/elmundodelapolitica.com\/v1\/wp-json\/wp\/v2\/categories?post=7467"},{"taxonomy":"post_tag","embeddable":true,"href":"https:\/\/elmundodelapolitica.com\/v1\/wp-json\/wp\/v2\/tags?post=7467"}],"curies":[{"name":"wp","href":"https:\/\/api.w.org\/{rel}","templated":true}]}}