{"id":7446,"date":"2026-01-14T03:22:34","date_gmt":"2026-01-14T07:22:34","guid":{"rendered":"https:\/\/elmundodelapolitica.com\/v1\/paliza-minimiza-declaraciones-de-pacheco-y-afirma-que-el-prm-sigue-unido\/"},"modified":"2026-01-14T03:22:34","modified_gmt":"2026-01-14T07:22:34","slug":"paliza-minimiza-declaraciones-de-pacheco-y-afirma-que-el-prm-sigue-unido","status":"publish","type":"post","link":"https:\/\/elmundodelapolitica.com\/v1\/paliza-minimiza-declaraciones-de-pacheco-y-afirma-que-el-prm-sigue-unido\/","title":{"rendered":"Paliza minimiza declaraciones de Pacheco y afirma que el PRM sigue unido"},"content":{"rendered":"<div>Santo Domingo.- El ministro de la Presidencia y presidente del Partido Revolucionario Moderno (PRM), Jos\u00e9 Ignacio Paliza, rest\u00f3 importancia este martes a las declaraciones del presidente de la C\u00e1mara de Diputados, Alfredo Pacheco, al considerar que se trat\u00f3 de una inquietud expresada en un contexto inadecuado y que no refleja una crisis interna dentro del [\u2026]<\/div>\n","protected":false},"excerpt":{"rendered":"<p>Santo Domingo.- El ministro de la Presidencia y presidente del Partido Revolucionario Moderno (PRM), Jos\u00e9 Ignacio Paliza, rest\u00f3 importancia este martes a las declaraciones del presidente de la C\u00e1mara de&hellip; <\/p>\n","protected":false},"author":1,"featured_media":0,"comment_status":"closed","ping_status":"closed","sticky":false,"template":"","format":"standard","meta":{"fifu_image_url":"","fifu_image_alt":"","footnotes":""},"categories":[17],"tags":[],"class_list":["post-7446","post","type-post","status-publish","format-standard","hentry","category-politica"],"_links":{"self":[{"href":"https:\/\/elmundodelapolitica.com\/v1\/wp-json\/wp\/v2\/posts\/7446","targetHints":{"allow":["GET"]}}],"collection":[{"href":"https:\/\/elmundodelapolitica.com\/v1\/wp-json\/wp\/v2\/posts"}],"about":[{"href":"https:\/\/elmundodelapolitica.com\/v1\/wp-json\/wp\/v2\/types\/post"}],"author":[{"embeddable":true,"href":"https:\/\/elmundodelapolitica.com\/v1\/wp-json\/wp\/v2\/users\/1"}],"replies":[{"embeddable":true,"href":"https:\/\/elmundodelapolitica.com\/v1\/wp-json\/wp\/v2\/comments?post=7446"}],"version-history":[{"count":0,"href":"https:\/\/elmundodelapolitica.com\/v1\/wp-json\/wp\/v2\/posts\/7446\/revisions"}],"wp:attachment":[{"href":"https:\/\/elmundodelapolitica.com\/v1\/wp-json\/wp\/v2\/media?parent=7446"}],"wp:term":[{"taxonomy":"category","embeddable":true,"href":"https:\/\/elmundodelapolitica.com\/v1\/wp-json\/wp\/v2\/categories?post=7446"},{"taxonomy":"post_tag","embeddable":true,"href":"https:\/\/elmundodelapolitica.com\/v1\/wp-json\/wp\/v2\/tags?post=7446"}],"curies":[{"name":"wp","href":"https:\/\/api.w.org\/{rel}","templated":true}]}}