{"id":7445,"date":"2026-01-14T03:22:34","date_gmt":"2026-01-14T07:22:34","guid":{"rendered":"https:\/\/elmundodelapolitica.com\/v1\/diputados-convierten-en-ley-pago-de-deudas-del-estado-a-pequenos-contratistas-desde-1996\/"},"modified":"2026-01-14T03:22:34","modified_gmt":"2026-01-14T07:22:34","slug":"diputados-convierten-en-ley-pago-de-deudas-del-estado-a-pequenos-contratistas-desde-1996","status":"publish","type":"post","link":"https:\/\/elmundodelapolitica.com\/v1\/diputados-convierten-en-ley-pago-de-deudas-del-estado-a-pequenos-contratistas-desde-1996\/","title":{"rendered":"Diputados convierten en ley pago de deudas del Estado a peque\u00f1os contratistas desde 1996"},"content":{"rendered":"<div>Santo Domingo.- La C\u00e1mara de Diputados aprob\u00f3 este lunes, en dos discusiones consecutivas, el proyecto de ley que autoriza el pago de deuda por obras ejecutadas a peque\u00f1os contratistas, mantenimientos correctivos de escuelas, supervisores y obreros de asfalto, a partir de 1996. El proyecto qued\u00f3 convertido en ley, pues fue aprobado el s\u00e1bado pasado por [\u2026]<\/div>\n","protected":false},"excerpt":{"rendered":"<p>Santo Domingo.- La C\u00e1mara de Diputados aprob\u00f3 este lunes, en dos discusiones consecutivas, el proyecto de ley que autoriza el pago de deuda por obras ejecutadas a peque\u00f1os contratistas, mantenimientos&hellip; <\/p>\n","protected":false},"author":1,"featured_media":0,"comment_status":"closed","ping_status":"closed","sticky":false,"template":"","format":"standard","meta":{"fifu_image_url":"","fifu_image_alt":"","footnotes":""},"categories":[17],"tags":[],"class_list":["post-7445","post","type-post","status-publish","format-standard","hentry","category-politica"],"_links":{"self":[{"href":"https:\/\/elmundodelapolitica.com\/v1\/wp-json\/wp\/v2\/posts\/7445","targetHints":{"allow":["GET"]}}],"collection":[{"href":"https:\/\/elmundodelapolitica.com\/v1\/wp-json\/wp\/v2\/posts"}],"about":[{"href":"https:\/\/elmundodelapolitica.com\/v1\/wp-json\/wp\/v2\/types\/post"}],"author":[{"embeddable":true,"href":"https:\/\/elmundodelapolitica.com\/v1\/wp-json\/wp\/v2\/users\/1"}],"replies":[{"embeddable":true,"href":"https:\/\/elmundodelapolitica.com\/v1\/wp-json\/wp\/v2\/comments?post=7445"}],"version-history":[{"count":0,"href":"https:\/\/elmundodelapolitica.com\/v1\/wp-json\/wp\/v2\/posts\/7445\/revisions"}],"wp:attachment":[{"href":"https:\/\/elmundodelapolitica.com\/v1\/wp-json\/wp\/v2\/media?parent=7445"}],"wp:term":[{"taxonomy":"category","embeddable":true,"href":"https:\/\/elmundodelapolitica.com\/v1\/wp-json\/wp\/v2\/categories?post=7445"},{"taxonomy":"post_tag","embeddable":true,"href":"https:\/\/elmundodelapolitica.com\/v1\/wp-json\/wp\/v2\/tags?post=7445"}],"curies":[{"name":"wp","href":"https:\/\/api.w.org\/{rel}","templated":true}]}}