{"id":7444,"date":"2026-01-14T03:22:33","date_gmt":"2026-01-14T07:22:33","guid":{"rendered":"https:\/\/elmundodelapolitica.com\/v1\/concluye-primera-etapa-del-consejo-de-ministros-enfocado-en-10-metas-estrategicas-para-2026\/"},"modified":"2026-01-14T03:22:33","modified_gmt":"2026-01-14T07:22:33","slug":"concluye-primera-etapa-del-consejo-de-ministros-enfocado-en-10-metas-estrategicas-para-2026","status":"publish","type":"post","link":"https:\/\/elmundodelapolitica.com\/v1\/concluye-primera-etapa-del-consejo-de-ministros-enfocado-en-10-metas-estrategicas-para-2026\/","title":{"rendered":"Concluye primera etapa del consejo de ministros enfocado en 10 metas estrat\u00e9gicas para 2026"},"content":{"rendered":"<div>SANTO DOMINGO.- Bajo la direcci\u00f3n del presidente Luis Abinader y la vicepresidenta Raquel Pe\u00f1a, el Gobierno dominicano concluy\u00f3 este mediod\u00eda la primera etapa de su 55.\u00ba Consejo de Ministros extendido. El encuentro, que se desarrolla en el Palacio Nacional, tiene como eje central la alineaci\u00f3n de esfuerzos institucionales para cumplir con las 10 metas prioritarias [\u2026]<\/div>\n","protected":false},"excerpt":{"rendered":"<p>SANTO DOMINGO.- Bajo la direcci\u00f3n del presidente Luis Abinader y la vicepresidenta Raquel Pe\u00f1a, el Gobierno dominicano concluy\u00f3 este mediod\u00eda la primera etapa de su 55.\u00ba Consejo de Ministros extendido.&hellip; <\/p>\n","protected":false},"author":1,"featured_media":0,"comment_status":"closed","ping_status":"closed","sticky":false,"template":"","format":"standard","meta":{"fifu_image_url":"","fifu_image_alt":"","footnotes":""},"categories":[17],"tags":[],"class_list":["post-7444","post","type-post","status-publish","format-standard","hentry","category-politica"],"_links":{"self":[{"href":"https:\/\/elmundodelapolitica.com\/v1\/wp-json\/wp\/v2\/posts\/7444","targetHints":{"allow":["GET"]}}],"collection":[{"href":"https:\/\/elmundodelapolitica.com\/v1\/wp-json\/wp\/v2\/posts"}],"about":[{"href":"https:\/\/elmundodelapolitica.com\/v1\/wp-json\/wp\/v2\/types\/post"}],"author":[{"embeddable":true,"href":"https:\/\/elmundodelapolitica.com\/v1\/wp-json\/wp\/v2\/users\/1"}],"replies":[{"embeddable":true,"href":"https:\/\/elmundodelapolitica.com\/v1\/wp-json\/wp\/v2\/comments?post=7444"}],"version-history":[{"count":0,"href":"https:\/\/elmundodelapolitica.com\/v1\/wp-json\/wp\/v2\/posts\/7444\/revisions"}],"wp:attachment":[{"href":"https:\/\/elmundodelapolitica.com\/v1\/wp-json\/wp\/v2\/media?parent=7444"}],"wp:term":[{"taxonomy":"category","embeddable":true,"href":"https:\/\/elmundodelapolitica.com\/v1\/wp-json\/wp\/v2\/categories?post=7444"},{"taxonomy":"post_tag","embeddable":true,"href":"https:\/\/elmundodelapolitica.com\/v1\/wp-json\/wp\/v2\/tags?post=7444"}],"curies":[{"name":"wp","href":"https:\/\/api.w.org\/{rel}","templated":true}]}}