{"id":7433,"date":"2026-01-11T03:03:35","date_gmt":"2026-01-11T07:03:35","guid":{"rendered":"https:\/\/elmundodelapolitica.com\/v1\/cholitin-critica-pacheco-usara-el-congreso-para-cuestionar-designaciones-del-poder-ejecutivo\/"},"modified":"2026-01-11T03:03:35","modified_gmt":"2026-01-11T07:03:35","slug":"cholitin-critica-pacheco-usara-el-congreso-para-cuestionar-designaciones-del-poder-ejecutivo","status":"publish","type":"post","link":"https:\/\/elmundodelapolitica.com\/v1\/cholitin-critica-pacheco-usara-el-congreso-para-cuestionar-designaciones-del-poder-ejecutivo\/","title":{"rendered":"Cholit\u00edn critica Pacheco usara el Congreso para cuestionar designaciones del Poder Ejecutivo"},"content":{"rendered":"<div>SANTO DOMINGO. \u2013 El senador por la provincia La Altagracia, Rafael Bar\u00f3n Duluc (Cholit\u00edn), manifest\u00f3 este s\u00e1bado su preocupaci\u00f3n por los recientes debates en el Congreso Nacional, se\u00f1alando que el respeto a la independencia de los poderes del Estado y el cumplimiento de los consensos logrados son pilares fundamentales para la estabilidad institucional del pa\u00eds. [\u2026]<\/div>\n","protected":false},"excerpt":{"rendered":"<p>SANTO DOMINGO. \u2013 El senador por la provincia La Altagracia, Rafael Bar\u00f3n Duluc (Cholit\u00edn), manifest\u00f3 este s\u00e1bado su preocupaci\u00f3n por los recientes debates en el Congreso Nacional, se\u00f1alando que el&hellip; <\/p>\n","protected":false},"author":1,"featured_media":0,"comment_status":"closed","ping_status":"closed","sticky":false,"template":"","format":"standard","meta":{"fifu_image_url":"","fifu_image_alt":"","footnotes":""},"categories":[17],"tags":[],"class_list":["post-7433","post","type-post","status-publish","format-standard","hentry","category-politica"],"_links":{"self":[{"href":"https:\/\/elmundodelapolitica.com\/v1\/wp-json\/wp\/v2\/posts\/7433","targetHints":{"allow":["GET"]}}],"collection":[{"href":"https:\/\/elmundodelapolitica.com\/v1\/wp-json\/wp\/v2\/posts"}],"about":[{"href":"https:\/\/elmundodelapolitica.com\/v1\/wp-json\/wp\/v2\/types\/post"}],"author":[{"embeddable":true,"href":"https:\/\/elmundodelapolitica.com\/v1\/wp-json\/wp\/v2\/users\/1"}],"replies":[{"embeddable":true,"href":"https:\/\/elmundodelapolitica.com\/v1\/wp-json\/wp\/v2\/comments?post=7433"}],"version-history":[{"count":0,"href":"https:\/\/elmundodelapolitica.com\/v1\/wp-json\/wp\/v2\/posts\/7433\/revisions"}],"wp:attachment":[{"href":"https:\/\/elmundodelapolitica.com\/v1\/wp-json\/wp\/v2\/media?parent=7433"}],"wp:term":[{"taxonomy":"category","embeddable":true,"href":"https:\/\/elmundodelapolitica.com\/v1\/wp-json\/wp\/v2\/categories?post=7433"},{"taxonomy":"post_tag","embeddable":true,"href":"https:\/\/elmundodelapolitica.com\/v1\/wp-json\/wp\/v2\/tags?post=7433"}],"curies":[{"name":"wp","href":"https:\/\/api.w.org\/{rel}","templated":true}]}}