{"id":7426,"date":"2026-01-10T03:02:13","date_gmt":"2026-01-10T07:02:13","guid":{"rendered":"https:\/\/elmundodelapolitica.com\/v1\/alfredo-pacheco-respalda-relanzamiento-del-gobierno-y-defiende-a-la-dirigencia-del-prm\/"},"modified":"2026-01-10T03:02:13","modified_gmt":"2026-01-10T07:02:13","slug":"alfredo-pacheco-respalda-relanzamiento-del-gobierno-y-defiende-a-la-dirigencia-del-prm","status":"publish","type":"post","link":"https:\/\/elmundodelapolitica.com\/v1\/alfredo-pacheco-respalda-relanzamiento-del-gobierno-y-defiende-a-la-dirigencia-del-prm\/","title":{"rendered":"Alfredo Pacheco respalda relanzamiento del Gobierno y defiende a la dirigencia del PRM"},"content":{"rendered":"<div>Santo Domingo.\u2014 El diputado Alfredo Pacheco, miembro de la Direcci\u00f3n Ejecutiva del Partido Revolucionario Moderno (PRM), expres\u00f3 su respaldo a los ajustes impulsados por el presidente de la Rep\u00fablica como parte del relanzamiento del Gobierno, destacando la importancia de fortalecer la gesti\u00f3n p\u00fablica en esta etapa. No obstante, Pacheco llam\u00f3 a que los cambios no [\u2026]<\/div>\n","protected":false},"excerpt":{"rendered":"<p>Santo Domingo.\u2014 El diputado Alfredo Pacheco, miembro de la Direcci\u00f3n Ejecutiva del Partido Revolucionario Moderno (PRM), expres\u00f3 su respaldo a los ajustes impulsados por el presidente de la Rep\u00fablica como&hellip; <\/p>\n","protected":false},"author":1,"featured_media":0,"comment_status":"closed","ping_status":"closed","sticky":false,"template":"","format":"standard","meta":{"fifu_image_url":"","fifu_image_alt":"","footnotes":""},"categories":[17],"tags":[],"class_list":["post-7426","post","type-post","status-publish","format-standard","hentry","category-politica"],"_links":{"self":[{"href":"https:\/\/elmundodelapolitica.com\/v1\/wp-json\/wp\/v2\/posts\/7426","targetHints":{"allow":["GET"]}}],"collection":[{"href":"https:\/\/elmundodelapolitica.com\/v1\/wp-json\/wp\/v2\/posts"}],"about":[{"href":"https:\/\/elmundodelapolitica.com\/v1\/wp-json\/wp\/v2\/types\/post"}],"author":[{"embeddable":true,"href":"https:\/\/elmundodelapolitica.com\/v1\/wp-json\/wp\/v2\/users\/1"}],"replies":[{"embeddable":true,"href":"https:\/\/elmundodelapolitica.com\/v1\/wp-json\/wp\/v2\/comments?post=7426"}],"version-history":[{"count":0,"href":"https:\/\/elmundodelapolitica.com\/v1\/wp-json\/wp\/v2\/posts\/7426\/revisions"}],"wp:attachment":[{"href":"https:\/\/elmundodelapolitica.com\/v1\/wp-json\/wp\/v2\/media?parent=7426"}],"wp:term":[{"taxonomy":"category","embeddable":true,"href":"https:\/\/elmundodelapolitica.com\/v1\/wp-json\/wp\/v2\/categories?post=7426"},{"taxonomy":"post_tag","embeddable":true,"href":"https:\/\/elmundodelapolitica.com\/v1\/wp-json\/wp\/v2\/tags?post=7426"}],"curies":[{"name":"wp","href":"https:\/\/api.w.org\/{rel}","templated":true}]}}