{"id":7425,"date":"2026-01-10T03:02:12","date_gmt":"2026-01-10T07:02:12","guid":{"rendered":"https:\/\/elmundodelapolitica.com\/v1\/abinader-convoca-consejo-de-ministros-extendido-para-definir-prioridades-del-2026\/"},"modified":"2026-01-10T03:02:12","modified_gmt":"2026-01-10T07:02:12","slug":"abinader-convoca-consejo-de-ministros-extendido-para-definir-prioridades-del-2026","status":"publish","type":"post","link":"https:\/\/elmundodelapolitica.com\/v1\/abinader-convoca-consejo-de-ministros-extendido-para-definir-prioridades-del-2026\/","title":{"rendered":"Abinader convoca Consejo de Ministros extendido para definir prioridades del 2026"},"content":{"rendered":"<div>Santo Domingo.\u2013 El presidente Luis Abinader convoc\u00f3 para este domingo un Consejo de Ministros extendido, en el que el Gobierno definir\u00e1 sus prioridades para 2026, con \u00e9nfasis en la eficiencia de la gesti\u00f3n, la transparencia y la participaci\u00f3n social. La jornada, prevista para desarrollarse durante todo el d\u00eda en el Palacio Nacional, reunir\u00e1 a ministros, [\u2026]<\/div>\n","protected":false},"excerpt":{"rendered":"<p>Santo Domingo.\u2013 El presidente Luis Abinader convoc\u00f3 para este domingo un Consejo de Ministros extendido, en el que el Gobierno definir\u00e1 sus prioridades para 2026, con \u00e9nfasis en la eficiencia&hellip; <\/p>\n","protected":false},"author":1,"featured_media":0,"comment_status":"closed","ping_status":"closed","sticky":false,"template":"","format":"standard","meta":{"fifu_image_url":"","fifu_image_alt":"","footnotes":""},"categories":[17],"tags":[],"class_list":["post-7425","post","type-post","status-publish","format-standard","hentry","category-politica"],"_links":{"self":[{"href":"https:\/\/elmundodelapolitica.com\/v1\/wp-json\/wp\/v2\/posts\/7425","targetHints":{"allow":["GET"]}}],"collection":[{"href":"https:\/\/elmundodelapolitica.com\/v1\/wp-json\/wp\/v2\/posts"}],"about":[{"href":"https:\/\/elmundodelapolitica.com\/v1\/wp-json\/wp\/v2\/types\/post"}],"author":[{"embeddable":true,"href":"https:\/\/elmundodelapolitica.com\/v1\/wp-json\/wp\/v2\/users\/1"}],"replies":[{"embeddable":true,"href":"https:\/\/elmundodelapolitica.com\/v1\/wp-json\/wp\/v2\/comments?post=7425"}],"version-history":[{"count":0,"href":"https:\/\/elmundodelapolitica.com\/v1\/wp-json\/wp\/v2\/posts\/7425\/revisions"}],"wp:attachment":[{"href":"https:\/\/elmundodelapolitica.com\/v1\/wp-json\/wp\/v2\/media?parent=7425"}],"wp:term":[{"taxonomy":"category","embeddable":true,"href":"https:\/\/elmundodelapolitica.com\/v1\/wp-json\/wp\/v2\/categories?post=7425"},{"taxonomy":"post_tag","embeddable":true,"href":"https:\/\/elmundodelapolitica.com\/v1\/wp-json\/wp\/v2\/tags?post=7425"}],"curies":[{"name":"wp","href":"https:\/\/api.w.org\/{rel}","templated":true}]}}