{"id":7424,"date":"2026-01-10T03:02:12","date_gmt":"2026-01-10T07:02:12","guid":{"rendered":"https:\/\/elmundodelapolitica.com\/v1\/diputados-posponen-reforma-al-codigo-de-trabajo-por-falta-de-consenso-pese-a-su-aprobacion-en-el-senado\/"},"modified":"2026-01-10T03:02:12","modified_gmt":"2026-01-10T07:02:12","slug":"diputados-posponen-reforma-al-codigo-de-trabajo-por-falta-de-consenso-pese-a-su-aprobacion-en-el-senado","status":"publish","type":"post","link":"https:\/\/elmundodelapolitica.com\/v1\/diputados-posponen-reforma-al-codigo-de-trabajo-por-falta-de-consenso-pese-a-su-aprobacion-en-el-senado\/","title":{"rendered":"Diputados posponen reforma al C\u00f3digo de Trabajo por falta de consenso, pese a su aprobaci\u00f3n en el Senado"},"content":{"rendered":"<div>Santo Domingo.\u2013 El presidente de la C\u00e1mara de Diputados, Alfredo Pacheco, inform\u00f3 que el pleno decidi\u00f3 posponer para la pr\u00f3xima legislatura el conocimiento de la reforma al C\u00f3digo de Trabajo, al no lograr consenso entre el sector empresarial y los sindicatos, pese a que la iniciativa ya fue aprobada por el Senado. Pacheco explic\u00f3 que [\u2026]<\/div>\n","protected":false},"excerpt":{"rendered":"<p>Santo Domingo.\u2013 El presidente de la C\u00e1mara de Diputados, Alfredo Pacheco, inform\u00f3 que el pleno decidi\u00f3 posponer para la pr\u00f3xima legislatura el conocimiento de la reforma al C\u00f3digo de Trabajo,&hellip; <\/p>\n","protected":false},"author":1,"featured_media":0,"comment_status":"closed","ping_status":"closed","sticky":false,"template":"","format":"standard","meta":{"fifu_image_url":"","fifu_image_alt":"","footnotes":""},"categories":[17],"tags":[],"class_list":["post-7424","post","type-post","status-publish","format-standard","hentry","category-politica"],"_links":{"self":[{"href":"https:\/\/elmundodelapolitica.com\/v1\/wp-json\/wp\/v2\/posts\/7424","targetHints":{"allow":["GET"]}}],"collection":[{"href":"https:\/\/elmundodelapolitica.com\/v1\/wp-json\/wp\/v2\/posts"}],"about":[{"href":"https:\/\/elmundodelapolitica.com\/v1\/wp-json\/wp\/v2\/types\/post"}],"author":[{"embeddable":true,"href":"https:\/\/elmundodelapolitica.com\/v1\/wp-json\/wp\/v2\/users\/1"}],"replies":[{"embeddable":true,"href":"https:\/\/elmundodelapolitica.com\/v1\/wp-json\/wp\/v2\/comments?post=7424"}],"version-history":[{"count":0,"href":"https:\/\/elmundodelapolitica.com\/v1\/wp-json\/wp\/v2\/posts\/7424\/revisions"}],"wp:attachment":[{"href":"https:\/\/elmundodelapolitica.com\/v1\/wp-json\/wp\/v2\/media?parent=7424"}],"wp:term":[{"taxonomy":"category","embeddable":true,"href":"https:\/\/elmundodelapolitica.com\/v1\/wp-json\/wp\/v2\/categories?post=7424"},{"taxonomy":"post_tag","embeddable":true,"href":"https:\/\/elmundodelapolitica.com\/v1\/wp-json\/wp\/v2\/tags?post=7424"}],"curies":[{"name":"wp","href":"https:\/\/api.w.org\/{rel}","templated":true}]}}