{"id":7419,"date":"2026-01-09T03:04:14","date_gmt":"2026-01-09T07:04:14","guid":{"rendered":"https:\/\/elmundodelapolitica.com\/v1\/senador-dice-reintroducira-proyecto-de-castracion-quimica-tras-caso-de-brianna-genao\/"},"modified":"2026-01-09T03:04:14","modified_gmt":"2026-01-09T07:04:14","slug":"senador-dice-reintroducira-proyecto-de-castracion-quimica-tras-caso-de-brianna-genao","status":"publish","type":"post","link":"https:\/\/elmundodelapolitica.com\/v1\/senador-dice-reintroducira-proyecto-de-castracion-quimica-tras-caso-de-brianna-genao\/","title":{"rendered":"Senador dice reintroducir\u00e1 proyecto de castraci\u00f3n qu\u00edmica tras caso de Brianna Genao"},"content":{"rendered":"<div>SANTO DOMINGO.- El senador Franklin Genao anunci\u00f3 que reintroducir\u00e1 en el Congreso Nacional el proyecto de ley que propone la castraci\u00f3n qu\u00edmica para agresores sexuales luego de la desaparici\u00f3n, alegada violaci\u00f3n y asesinato de la ni\u00f1a Brianna Genao en Puerto Plata, versi\u00f3n que hasta el momento no ha sido confirmada por las autoridades. El legislador [\u2026]<\/div>\n","protected":false},"excerpt":{"rendered":"<p>SANTO DOMINGO.- El senador Franklin Genao anunci\u00f3 que reintroducir\u00e1 en el Congreso Nacional el proyecto de ley que propone la castraci\u00f3n qu\u00edmica para agresores sexuales luego de la desaparici\u00f3n, alegada&hellip; <\/p>\n","protected":false},"author":1,"featured_media":0,"comment_status":"closed","ping_status":"closed","sticky":false,"template":"","format":"standard","meta":{"fifu_image_url":"","fifu_image_alt":"","footnotes":""},"categories":[17],"tags":[],"class_list":["post-7419","post","type-post","status-publish","format-standard","hentry","category-politica"],"_links":{"self":[{"href":"https:\/\/elmundodelapolitica.com\/v1\/wp-json\/wp\/v2\/posts\/7419","targetHints":{"allow":["GET"]}}],"collection":[{"href":"https:\/\/elmundodelapolitica.com\/v1\/wp-json\/wp\/v2\/posts"}],"about":[{"href":"https:\/\/elmundodelapolitica.com\/v1\/wp-json\/wp\/v2\/types\/post"}],"author":[{"embeddable":true,"href":"https:\/\/elmundodelapolitica.com\/v1\/wp-json\/wp\/v2\/users\/1"}],"replies":[{"embeddable":true,"href":"https:\/\/elmundodelapolitica.com\/v1\/wp-json\/wp\/v2\/comments?post=7419"}],"version-history":[{"count":0,"href":"https:\/\/elmundodelapolitica.com\/v1\/wp-json\/wp\/v2\/posts\/7419\/revisions"}],"wp:attachment":[{"href":"https:\/\/elmundodelapolitica.com\/v1\/wp-json\/wp\/v2\/media?parent=7419"}],"wp:term":[{"taxonomy":"category","embeddable":true,"href":"https:\/\/elmundodelapolitica.com\/v1\/wp-json\/wp\/v2\/categories?post=7419"},{"taxonomy":"post_tag","embeddable":true,"href":"https:\/\/elmundodelapolitica.com\/v1\/wp-json\/wp\/v2\/tags?post=7419"}],"curies":[{"name":"wp","href":"https:\/\/api.w.org\/{rel}","templated":true}]}}