{"id":7418,"date":"2026-01-09T03:04:13","date_gmt":"2026-01-09T07:04:13","guid":{"rendered":"https:\/\/elmundodelapolitica.com\/v1\/paliza-confirma-que-vienen-mas-cambios-en-el-tren-gubernamental\/"},"modified":"2026-01-09T03:04:13","modified_gmt":"2026-01-09T07:04:13","slug":"paliza-confirma-que-vienen-mas-cambios-en-el-tren-gubernamental","status":"publish","type":"post","link":"https:\/\/elmundodelapolitica.com\/v1\/paliza-confirma-que-vienen-mas-cambios-en-el-tren-gubernamental\/","title":{"rendered":"Paliza confirma que \u201cvienen m\u00e1s cambios\u201d en el tren gubernamental"},"content":{"rendered":"<div>Santo Domingo.\u2013 El ministro Administrativo de la Presidencia, Jos\u00e9 Ignacio Paliza, afirm\u00f3 que en los pr\u00f3ximos d\u00edas continuar\u00e1n los cambios y rotaciones en el tren gubernamental, como parte del proceso de ajustes que impulsa el presidente Luis Abinader, al tiempo que puso su cargo a disposici\u00f3n del mandatario Durante una entrevista en el programa Hoy [\u2026]<\/div>\n","protected":false},"excerpt":{"rendered":"<p>Santo Domingo.\u2013 El ministro Administrativo de la Presidencia, Jos\u00e9 Ignacio Paliza, afirm\u00f3 que en los pr\u00f3ximos d\u00edas continuar\u00e1n los cambios y rotaciones en el tren gubernamental, como parte del proceso&hellip; <\/p>\n","protected":false},"author":1,"featured_media":0,"comment_status":"closed","ping_status":"closed","sticky":false,"template":"","format":"standard","meta":{"fifu_image_url":"","fifu_image_alt":"","footnotes":""},"categories":[17],"tags":[],"class_list":["post-7418","post","type-post","status-publish","format-standard","hentry","category-politica"],"_links":{"self":[{"href":"https:\/\/elmundodelapolitica.com\/v1\/wp-json\/wp\/v2\/posts\/7418","targetHints":{"allow":["GET"]}}],"collection":[{"href":"https:\/\/elmundodelapolitica.com\/v1\/wp-json\/wp\/v2\/posts"}],"about":[{"href":"https:\/\/elmundodelapolitica.com\/v1\/wp-json\/wp\/v2\/types\/post"}],"author":[{"embeddable":true,"href":"https:\/\/elmundodelapolitica.com\/v1\/wp-json\/wp\/v2\/users\/1"}],"replies":[{"embeddable":true,"href":"https:\/\/elmundodelapolitica.com\/v1\/wp-json\/wp\/v2\/comments?post=7418"}],"version-history":[{"count":0,"href":"https:\/\/elmundodelapolitica.com\/v1\/wp-json\/wp\/v2\/posts\/7418\/revisions"}],"wp:attachment":[{"href":"https:\/\/elmundodelapolitica.com\/v1\/wp-json\/wp\/v2\/media?parent=7418"}],"wp:term":[{"taxonomy":"category","embeddable":true,"href":"https:\/\/elmundodelapolitica.com\/v1\/wp-json\/wp\/v2\/categories?post=7418"},{"taxonomy":"post_tag","embeddable":true,"href":"https:\/\/elmundodelapolitica.com\/v1\/wp-json\/wp\/v2\/tags?post=7418"}],"curies":[{"name":"wp","href":"https:\/\/api.w.org\/{rel}","templated":true}]}}