{"id":7417,"date":"2026-01-09T03:04:13","date_gmt":"2026-01-09T07:04:13","guid":{"rendered":"https:\/\/elmundodelapolitica.com\/v1\/junior-santos-el-prm-aun-es-un-partido-en-construccion-y-debe-proteger-el-liderazgo-del-presidente-abinader\/"},"modified":"2026-01-09T03:04:13","modified_gmt":"2026-01-09T07:04:13","slug":"junior-santos-el-prm-aun-es-un-partido-en-construccion-y-debe-proteger-el-liderazgo-del-presidente-abinader","status":"publish","type":"post","link":"https:\/\/elmundodelapolitica.com\/v1\/junior-santos-el-prm-aun-es-un-partido-en-construccion-y-debe-proteger-el-liderazgo-del-presidente-abinader\/","title":{"rendered":"Junior Santos: \u00abEl PRM a\u00fan es un partido en construcci\u00f3n y debe proteger el liderazgo del presidente Abinader\u00bb"},"content":{"rendered":"<div>Santo Domingo. \u2013 El alcalde del municipio de Los Alcarrizos, Junior Santos, afirm\u00f3 que el Partido Revolucionario Moderno (PRM) enfrenta importantes desaf\u00edos como organizaci\u00f3n pol\u00edtica en el ejercicio del poder, y consider\u00f3 necesario que haya madurez y reflexi\u00f3n interna para preservar su estabilidad y evitar errores que han afectado hist\u00f3ricamente a otras fuerzas pol\u00edticas del [\u2026]<\/div>\n","protected":false},"excerpt":{"rendered":"<p>Santo Domingo. \u2013 El alcalde del municipio de Los Alcarrizos, Junior Santos, afirm\u00f3 que el Partido Revolucionario Moderno (PRM) enfrenta importantes desaf\u00edos como organizaci\u00f3n pol\u00edtica en el ejercicio del poder,&hellip; <\/p>\n","protected":false},"author":1,"featured_media":0,"comment_status":"closed","ping_status":"closed","sticky":false,"template":"","format":"standard","meta":{"fifu_image_url":"","fifu_image_alt":"","footnotes":""},"categories":[17],"tags":[],"class_list":["post-7417","post","type-post","status-publish","format-standard","hentry","category-politica"],"_links":{"self":[{"href":"https:\/\/elmundodelapolitica.com\/v1\/wp-json\/wp\/v2\/posts\/7417","targetHints":{"allow":["GET"]}}],"collection":[{"href":"https:\/\/elmundodelapolitica.com\/v1\/wp-json\/wp\/v2\/posts"}],"about":[{"href":"https:\/\/elmundodelapolitica.com\/v1\/wp-json\/wp\/v2\/types\/post"}],"author":[{"embeddable":true,"href":"https:\/\/elmundodelapolitica.com\/v1\/wp-json\/wp\/v2\/users\/1"}],"replies":[{"embeddable":true,"href":"https:\/\/elmundodelapolitica.com\/v1\/wp-json\/wp\/v2\/comments?post=7417"}],"version-history":[{"count":0,"href":"https:\/\/elmundodelapolitica.com\/v1\/wp-json\/wp\/v2\/posts\/7417\/revisions"}],"wp:attachment":[{"href":"https:\/\/elmundodelapolitica.com\/v1\/wp-json\/wp\/v2\/media?parent=7417"}],"wp:term":[{"taxonomy":"category","embeddable":true,"href":"https:\/\/elmundodelapolitica.com\/v1\/wp-json\/wp\/v2\/categories?post=7417"},{"taxonomy":"post_tag","embeddable":true,"href":"https:\/\/elmundodelapolitica.com\/v1\/wp-json\/wp\/v2\/tags?post=7417"}],"curies":[{"name":"wp","href":"https:\/\/api.w.org\/{rel}","templated":true}]}}