{"id":7414,"date":"2026-01-08T03:03:54","date_gmt":"2026-01-08T07:03:54","guid":{"rendered":"https:\/\/elmundodelapolitica.com\/v1\/leonel-aboga-por-un-consenso-en-venezuela-para-evitar-escalada-y-mas-derramamiento-de-sangre\/"},"modified":"2026-01-08T03:03:54","modified_gmt":"2026-01-08T07:03:54","slug":"leonel-aboga-por-un-consenso-en-venezuela-para-evitar-escalada-y-mas-derramamiento-de-sangre","status":"publish","type":"post","link":"https:\/\/elmundodelapolitica.com\/v1\/leonel-aboga-por-un-consenso-en-venezuela-para-evitar-escalada-y-mas-derramamiento-de-sangre\/","title":{"rendered":"Leonel aboga por un consenso en Venezuela para evitar escalada y m\u00e1s derramamiento de sangre"},"content":{"rendered":"<div>Santo Domingo.- El expresidente Leonel Fern\u00e1ndez fij\u00f3 la posici\u00f3n oficial de la Fuerza del Pueblo ante la actual intervenci\u00f3n militar de Estados Unidos en Venezuela. En una alocuci\u00f3n dirigida al pa\u00eds este mi\u00e9rcoles, Fern\u00e1ndez advirti\u00f3 que la prioridad absoluta debe ser detener cualquier escalada de violencia que ponga en riesgo la vida de los ciudadanos [\u2026]<\/div>\n","protected":false},"excerpt":{"rendered":"<p>Santo Domingo.- El expresidente Leonel Fern\u00e1ndez fij\u00f3 la posici\u00f3n oficial de la Fuerza del Pueblo ante la actual intervenci\u00f3n militar de Estados Unidos en Venezuela. En una alocuci\u00f3n dirigida al&hellip; <\/p>\n","protected":false},"author":1,"featured_media":0,"comment_status":"closed","ping_status":"closed","sticky":false,"template":"","format":"standard","meta":{"fifu_image_url":"","fifu_image_alt":"","footnotes":""},"categories":[17],"tags":[],"class_list":["post-7414","post","type-post","status-publish","format-standard","hentry","category-politica"],"_links":{"self":[{"href":"https:\/\/elmundodelapolitica.com\/v1\/wp-json\/wp\/v2\/posts\/7414","targetHints":{"allow":["GET"]}}],"collection":[{"href":"https:\/\/elmundodelapolitica.com\/v1\/wp-json\/wp\/v2\/posts"}],"about":[{"href":"https:\/\/elmundodelapolitica.com\/v1\/wp-json\/wp\/v2\/types\/post"}],"author":[{"embeddable":true,"href":"https:\/\/elmundodelapolitica.com\/v1\/wp-json\/wp\/v2\/users\/1"}],"replies":[{"embeddable":true,"href":"https:\/\/elmundodelapolitica.com\/v1\/wp-json\/wp\/v2\/comments?post=7414"}],"version-history":[{"count":0,"href":"https:\/\/elmundodelapolitica.com\/v1\/wp-json\/wp\/v2\/posts\/7414\/revisions"}],"wp:attachment":[{"href":"https:\/\/elmundodelapolitica.com\/v1\/wp-json\/wp\/v2\/media?parent=7414"}],"wp:term":[{"taxonomy":"category","embeddable":true,"href":"https:\/\/elmundodelapolitica.com\/v1\/wp-json\/wp\/v2\/categories?post=7414"},{"taxonomy":"post_tag","embeddable":true,"href":"https:\/\/elmundodelapolitica.com\/v1\/wp-json\/wp\/v2\/tags?post=7414"}],"curies":[{"name":"wp","href":"https:\/\/api.w.org\/{rel}","templated":true}]}}