{"id":7413,"date":"2026-01-08T03:03:53","date_gmt":"2026-01-08T07:03:53","guid":{"rendered":"https:\/\/elmundodelapolitica.com\/v1\/peralta-y-defensa-publica-respaldan-ministerio-de-justicia-y-descartan-injerencia-en-la-independencia\/"},"modified":"2026-01-08T03:03:53","modified_gmt":"2026-01-08T07:03:53","slug":"peralta-y-defensa-publica-respaldan-ministerio-de-justicia-y-descartan-injerencia-en-la-independencia","status":"publish","type":"post","link":"https:\/\/elmundodelapolitica.com\/v1\/peralta-y-defensa-publica-respaldan-ministerio-de-justicia-y-descartan-injerencia-en-la-independencia\/","title":{"rendered":"Peralta y Defensa P\u00fablica respaldan Ministerio de Justicia y descartan injerencia en la independencia"},"content":{"rendered":"<div>Santo Domingo.\u2013 La creaci\u00f3n del Ministerio de Justicia apunta a fortalecer la lucha contra el delito y a reordenar funciones clave del sistema, permitiendo que el Ministerio P\u00fablico se concentre exclusivamente en la persecuci\u00f3n penal, mientras el Ejecutivo asume tareas administrativas estrat\u00e9gicas. El ministro Antoliano Peralta explic\u00f3 que varias dependencias no pueden esperar los 12 [\u2026]<\/div>\n","protected":false},"excerpt":{"rendered":"<p>Santo Domingo.\u2013 La creaci\u00f3n del Ministerio de Justicia apunta a fortalecer la lucha contra el delito y a reordenar funciones clave del sistema, permitiendo que el Ministerio P\u00fablico se concentre&hellip; <\/p>\n","protected":false},"author":1,"featured_media":0,"comment_status":"closed","ping_status":"closed","sticky":false,"template":"","format":"standard","meta":{"fifu_image_url":"","fifu_image_alt":"","footnotes":""},"categories":[17],"tags":[],"class_list":["post-7413","post","type-post","status-publish","format-standard","hentry","category-politica"],"_links":{"self":[{"href":"https:\/\/elmundodelapolitica.com\/v1\/wp-json\/wp\/v2\/posts\/7413","targetHints":{"allow":["GET"]}}],"collection":[{"href":"https:\/\/elmundodelapolitica.com\/v1\/wp-json\/wp\/v2\/posts"}],"about":[{"href":"https:\/\/elmundodelapolitica.com\/v1\/wp-json\/wp\/v2\/types\/post"}],"author":[{"embeddable":true,"href":"https:\/\/elmundodelapolitica.com\/v1\/wp-json\/wp\/v2\/users\/1"}],"replies":[{"embeddable":true,"href":"https:\/\/elmundodelapolitica.com\/v1\/wp-json\/wp\/v2\/comments?post=7413"}],"version-history":[{"count":0,"href":"https:\/\/elmundodelapolitica.com\/v1\/wp-json\/wp\/v2\/posts\/7413\/revisions"}],"wp:attachment":[{"href":"https:\/\/elmundodelapolitica.com\/v1\/wp-json\/wp\/v2\/media?parent=7413"}],"wp:term":[{"taxonomy":"category","embeddable":true,"href":"https:\/\/elmundodelapolitica.com\/v1\/wp-json\/wp\/v2\/categories?post=7413"},{"taxonomy":"post_tag","embeddable":true,"href":"https:\/\/elmundodelapolitica.com\/v1\/wp-json\/wp\/v2\/tags?post=7413"}],"curies":[{"name":"wp","href":"https:\/\/api.w.org\/{rel}","templated":true}]}}