{"id":7404,"date":"2026-01-07T03:00:56","date_gmt":"2026-01-07T07:00:56","guid":{"rendered":"https:\/\/elmundodelapolitica.com\/v1\/leonel-fijara-posicion-este-miercoles-sobre-venezuela-tras-captura-de-maduro\/"},"modified":"2026-01-07T03:00:56","modified_gmt":"2026-01-07T07:00:56","slug":"leonel-fijara-posicion-este-miercoles-sobre-venezuela-tras-captura-de-maduro","status":"publish","type":"post","link":"https:\/\/elmundodelapolitica.com\/v1\/leonel-fijara-posicion-este-miercoles-sobre-venezuela-tras-captura-de-maduro\/","title":{"rendered":"Leonel fijar\u00e1 posici\u00f3n este mi\u00e9rcoles sobre Venezuela tras captura de Maduro"},"content":{"rendered":"<div>Santo Domingo.- El expresidente Leonel Fern\u00e1ndez se referir\u00e1 ma\u00f1ana mi\u00e9rcoles a la situaci\u00f3n en Venezuela, luego del ataque de Estados Unidos a ese pa\u00eds que termin\u00f3 con la captura de su presidente, Nicol\u00e1s Maduro, y de su esposa Cilia Flores. La oficina pol\u00edtica de Fern\u00e1ndez dijo en una breve informaci\u00f3n, que ser\u00e1 ma\u00f1ana cuando se [\u2026]<\/div>\n","protected":false},"excerpt":{"rendered":"<p>Santo Domingo.- El expresidente Leonel Fern\u00e1ndez se referir\u00e1 ma\u00f1ana mi\u00e9rcoles a la situaci\u00f3n en Venezuela, luego del ataque de Estados Unidos a ese pa\u00eds que termin\u00f3 con la captura de&hellip; <\/p>\n","protected":false},"author":1,"featured_media":0,"comment_status":"closed","ping_status":"closed","sticky":false,"template":"","format":"standard","meta":{"fifu_image_url":"","fifu_image_alt":"","footnotes":""},"categories":[17],"tags":[],"class_list":["post-7404","post","type-post","status-publish","format-standard","hentry","category-politica"],"_links":{"self":[{"href":"https:\/\/elmundodelapolitica.com\/v1\/wp-json\/wp\/v2\/posts\/7404","targetHints":{"allow":["GET"]}}],"collection":[{"href":"https:\/\/elmundodelapolitica.com\/v1\/wp-json\/wp\/v2\/posts"}],"about":[{"href":"https:\/\/elmundodelapolitica.com\/v1\/wp-json\/wp\/v2\/types\/post"}],"author":[{"embeddable":true,"href":"https:\/\/elmundodelapolitica.com\/v1\/wp-json\/wp\/v2\/users\/1"}],"replies":[{"embeddable":true,"href":"https:\/\/elmundodelapolitica.com\/v1\/wp-json\/wp\/v2\/comments?post=7404"}],"version-history":[{"count":0,"href":"https:\/\/elmundodelapolitica.com\/v1\/wp-json\/wp\/v2\/posts\/7404\/revisions"}],"wp:attachment":[{"href":"https:\/\/elmundodelapolitica.com\/v1\/wp-json\/wp\/v2\/media?parent=7404"}],"wp:term":[{"taxonomy":"category","embeddable":true,"href":"https:\/\/elmundodelapolitica.com\/v1\/wp-json\/wp\/v2\/categories?post=7404"},{"taxonomy":"post_tag","embeddable":true,"href":"https:\/\/elmundodelapolitica.com\/v1\/wp-json\/wp\/v2\/tags?post=7404"}],"curies":[{"name":"wp","href":"https:\/\/api.w.org\/{rel}","templated":true}]}}