{"id":7403,"date":"2026-01-04T03:01:16","date_gmt":"2026-01-04T07:01:16","guid":{"rendered":"https:\/\/elmundodelapolitica.com\/v1\/opcion-democratica-el-pueblo-venezolano-es-el-unico-con-legitimidad-para-decidir-su-futuro-politico\/"},"modified":"2026-01-04T03:01:16","modified_gmt":"2026-01-04T07:01:16","slug":"opcion-democratica-el-pueblo-venezolano-es-el-unico-con-legitimidad-para-decidir-su-futuro-politico","status":"publish","type":"post","link":"https:\/\/elmundodelapolitica.com\/v1\/opcion-democratica-el-pueblo-venezolano-es-el-unico-con-legitimidad-para-decidir-su-futuro-politico\/","title":{"rendered":"Opci\u00f3n Democr\u00e1tica: \u201cEl pueblo venezolano es el \u00fanico con legitimidad para decidir su futuro pol\u00edtico\u201d"},"content":{"rendered":"<div>Santo Domingo, RD.- El partido Opci\u00f3n Democr\u00e1tica (OD) expres\u00f3 su condena al ataque militar realizado por el gobierno de los Estados Unidos contra la Rep\u00fablica Bolivariana de Venezuela. El partido afirm\u00f3 que esa intervenci\u00f3n representa una amenaza para toda Am\u00e9rica Latina, al abrir la puerta a futuras acciones militares arbitrarias contra pa\u00edses de la regi\u00f3n, [\u2026]<\/div>\n","protected":false},"excerpt":{"rendered":"<p>Santo Domingo, RD.- El partido Opci\u00f3n Democr\u00e1tica (OD) expres\u00f3 su condena al ataque militar realizado por el gobierno de los Estados Unidos contra la Rep\u00fablica Bolivariana de Venezuela. El partido&hellip; <\/p>\n","protected":false},"author":1,"featured_media":0,"comment_status":"closed","ping_status":"closed","sticky":false,"template":"","format":"standard","meta":{"fifu_image_url":"","fifu_image_alt":"","footnotes":""},"categories":[17],"tags":[],"class_list":["post-7403","post","type-post","status-publish","format-standard","hentry","category-politica"],"_links":{"self":[{"href":"https:\/\/elmundodelapolitica.com\/v1\/wp-json\/wp\/v2\/posts\/7403","targetHints":{"allow":["GET"]}}],"collection":[{"href":"https:\/\/elmundodelapolitica.com\/v1\/wp-json\/wp\/v2\/posts"}],"about":[{"href":"https:\/\/elmundodelapolitica.com\/v1\/wp-json\/wp\/v2\/types\/post"}],"author":[{"embeddable":true,"href":"https:\/\/elmundodelapolitica.com\/v1\/wp-json\/wp\/v2\/users\/1"}],"replies":[{"embeddable":true,"href":"https:\/\/elmundodelapolitica.com\/v1\/wp-json\/wp\/v2\/comments?post=7403"}],"version-history":[{"count":0,"href":"https:\/\/elmundodelapolitica.com\/v1\/wp-json\/wp\/v2\/posts\/7403\/revisions"}],"wp:attachment":[{"href":"https:\/\/elmundodelapolitica.com\/v1\/wp-json\/wp\/v2\/media?parent=7403"}],"wp:term":[{"taxonomy":"category","embeddable":true,"href":"https:\/\/elmundodelapolitica.com\/v1\/wp-json\/wp\/v2\/categories?post=7403"},{"taxonomy":"post_tag","embeddable":true,"href":"https:\/\/elmundodelapolitica.com\/v1\/wp-json\/wp\/v2\/tags?post=7403"}],"curies":[{"name":"wp","href":"https:\/\/api.w.org\/{rel}","templated":true}]}}