{"id":739,"date":"2022-10-10T07:59:28","date_gmt":"2022-10-10T11:59:28","guid":{"rendered":"https:\/\/elmundodelapolitica.com\/v1\/?p=739"},"modified":"2022-10-10T07:59:31","modified_gmt":"2022-10-10T11:59:31","slug":"mvm-garantiza-prd-sera-opcion-de-poder-con-candidaturas-propias-en-2024","status":"publish","type":"post","link":"https:\/\/elmundodelapolitica.com\/v1\/mvm-garantiza-prd-sera-opcion-de-poder-con-candidaturas-propias-en-2024\/","title":{"rendered":"MVM garantiza PRD ser\u00e1 opci\u00f3n de poder con candidaturas propias en 2024"},"content":{"rendered":"\n<h5 class=\"wp-block-heading\">En noviembre pr\u00f3ximo el partido definir\u00e1 el calendario y cronograma para perfilar candidatos a todos los cargos de elecci\u00f3n popular, incluso su candidatura presidencial.<\/h5>\n\n\n\n<p>AZUA.- El presidente del Partido Revolucionario Dominicano (PRD), ingeniero Miguel Vargas Maldonado, afirm\u00f3 este domingo que no escatimar\u00e1 esfuerzos para asegurar que la organizaci\u00f3n que dirige salga gananciosa de las elecciones del 2024.<\/p>\n\n\n\n<figure class=\"wp-block-image\"><img decoding=\"async\" src=\"https:\/\/www.miprd.org\/wp-content\/uploads\/2022\/10\/IMG-20221009-WA0079-719x480.jpg\" alt=\"\" class=\"wp-image-4833\"\/><\/figure>\n\n\n\n<p>El l\u00edder pol\u00edtico se expres\u00f3 en dichos t\u00e9rminos al encabezar junto a la Direcci\u00f3n Nacional del PRD el encuentro de dirigentes de las provincias Azua, Peravia y San Jos\u00e9 de Ocoa, reunidas en esta localidad sure\u00f1a como Subregi\u00f3n Valdesia.<\/p>\n\n\n\n<figure class=\"wp-block-image\"><img decoding=\"async\" src=\"https:\/\/www.miprd.org\/wp-content\/uploads\/2022\/10\/IMG-20221009-WA0063-719x480.jpg\" alt=\"\" class=\"wp-image-4823\"\/><\/figure>\n\n\n\n<p>En el evento, llam\u00f3 al liderazgo de estas tres provincias a definir sus candidaturas, ya que en noviembre pr\u00f3ximo el PRD establecer\u00e1 el calendario y cronograma para perfilar sus candidatos a todos los cargos de elecci\u00f3n popular, incluida su candidatura presidencial.<\/p>\n\n\n\n<figure class=\"wp-block-image\"><img decoding=\"async\" src=\"https:\/\/www.miprd.org\/wp-content\/uploads\/2022\/10\/IMG-20221009-WA0061-719x480.jpg\" alt=\"\" class=\"wp-image-4824\"\/><\/figure>\n\n\n\n<p>En dicho escenario, Vargas extern\u00f3 duras cr\u00edticas contra la actual gesti\u00f3n oficialista.<\/p>\n\n\n\n<p>\u201cLa narrativa del gobierno el cuento que hace es distinto a la realidad que vive nuestro pueblo, ofreciendo al pa\u00eds s\u00f3lo promesas y m\u00e1s promesas\u201d, sentenci\u00f3.<\/p>\n\n\n\n<figure class=\"wp-block-image\"><img decoding=\"async\" src=\"https:\/\/www.miprd.org\/wp-content\/uploads\/2022\/10\/IMG-20221009-WA0062-719x480.jpg\" alt=\"\" class=\"wp-image-4825\"\/><\/figure>\n\n\n\n<p>\u201cEsta gesti\u00f3n acusa un deterioro profundo y un retroceso en todos los sectores; los mejores ejemplos son las \u00e1reas agr\u00edcola, cultural, deportiva y de energ\u00eda, donde se refleja la mayor incapacidad e improvisaci\u00f3n\u201d, agreg\u00f3.<\/p>\n\n\n\n<figure class=\"wp-block-image\"><img decoding=\"async\" src=\"https:\/\/www.miprd.org\/wp-content\/uploads\/2022\/10\/IMG-20221009-WA0059-719x480.jpg\" alt=\"\" class=\"wp-image-4826\"\/><\/figure>\n\n\n\n<p>Vargas reiter\u00f3 que los representantes del oficialismo donde peor han quedado parados ha sido en Educaci\u00f3n.<\/p>\n\n\n\n<figure class=\"wp-block-image\"><img decoding=\"async\" src=\"https:\/\/www.miprd.org\/wp-content\/uploads\/2022\/10\/IMG-20221009-WA0060-720x480.jpg\" alt=\"\" class=\"wp-image-4827\"\/><\/figure>\n\n\n\n<p>\u201cDespu\u00e9s de dos a\u00f1os de administraci\u00f3n y m\u00e1s de 400 mil millones de pesos invertidos, solo esc\u00e1ndalos y m\u00e1s esc\u00e1ndalos es lo \u00fanico que hemos podido ver en este trascendente sector, perjudicando no s\u00f3lo a los estudiantes, sino a toda la familia dominicana\u201d, manifest\u00f3.<\/p>\n\n\n\n<figure class=\"wp-block-image\"><img decoding=\"async\" src=\"https:\/\/www.miprd.org\/wp-content\/uploads\/2022\/10\/IMG-20221009-WA0064-719x480.jpg\" alt=\"\" class=\"wp-image-4828\"\/><\/figure>\n\n\n\n<p>Explic\u00f3 que \u201ca este panorama se le a\u00f1ade el alto costo de la vida y el fracaso de la seguridad ciudadana, donde hoy vivimos niveles de inseguridad nunca vistos en el pa\u00eds\u201d.<\/p>\n\n\n\n<figure class=\"wp-block-image\"><img decoding=\"async\" src=\"https:\/\/www.miprd.org\/wp-content\/uploads\/2022\/10\/IMG-20221009-WA0065-719x480.jpg\" alt=\"\" class=\"wp-image-4829\"\/><\/figure>\n\n\n\n<h4 class=\"wp-block-heading\">M\u00e1s detalles acerca del encuentro de dirigentes<\/h4>\n\n\n\n<p>En el marco de la asamblea de dirigentes de la Subregional Valdesia del PRD fueron notorias las constantes aclamaciones, los v\u00edtores y consignas alusivas al reclamo de las bases perrede\u00edstas que demandan que Miguel Vargas asuma la candidatura presidencial de la organizaci\u00f3n pol\u00edtica.<\/p>\n\n\n\n<p>Este encuentro se realiz\u00f3 bajo el concepto de organizaci\u00f3n estructural, contenido en los art\u00edculos 73 y 74 del estatuto interno del partido.<\/p>\n\n\n\n<p>En la actividad estuvieron presentes los dirigentes nacionales: Junior Santos, Janet Camilo, H\u00e9ctor Guzm\u00e1n, Amancia de la Cruz, Juan Santos, R. Alnardo Pimentel, Bernardo Arroyo, Ysrael Abreu, Aneuris Batista, Otilio Arno, entre otros.<\/p>\n\n\n\n<p>Asimismo, los l\u00edderes perrede\u00edstas provinciales: Josefina Cano, Erodes Batista, Jes\u00fas Ram\u00edrez, Sugeiry Matos, Jos\u00e9 Francisco M\u00e9ndez, Robinson Lembert, Radham\u00e9s Pinales, Ana Pinales y Pablo A. Soto Hatton.<\/p>\n\n\n\n<p>Tambi\u00e9n, Rafael Tejeda, Esther Minyetty, \u00c1ngel Bol\u00edvar D\u00edaz, Ra\u00fal Lara, H\u00e9ctor Moscat, Katherin Pimentel, Claudio Jim\u00e9nez, Eddy Ram\u00edrez, Magnolia Ram\u00edrez, Celso Valenzuela y Judith Peguero, quien fungi\u00f3 como maestra de ceremonia en el evento.<\/p>\n","protected":false},"excerpt":{"rendered":"<p>En noviembre pr\u00f3ximo el partido definir\u00e1 el calendario y cronograma para perfilar candidatos a todos los cargos de elecci\u00f3n popular, incluso su candidatura presidencial. AZUA.- El presidente del Partido Revolucionario&hellip; <\/p>\n","protected":false},"author":2,"featured_media":740,"comment_status":"open","ping_status":"open","sticky":false,"template":"","format":"standard","meta":{"fifu_image_url":"","fifu_image_alt":"","footnotes":""},"categories":[5],"tags":[],"class_list":["post-739","post","type-post","status-publish","format-standard","has-post-thumbnail","hentry","category-partidos"],"_links":{"self":[{"href":"https:\/\/elmundodelapolitica.com\/v1\/wp-json\/wp\/v2\/posts\/739","targetHints":{"allow":["GET"]}}],"collection":[{"href":"https:\/\/elmundodelapolitica.com\/v1\/wp-json\/wp\/v2\/posts"}],"about":[{"href":"https:\/\/elmundodelapolitica.com\/v1\/wp-json\/wp\/v2\/types\/post"}],"author":[{"embeddable":true,"href":"https:\/\/elmundodelapolitica.com\/v1\/wp-json\/wp\/v2\/users\/2"}],"replies":[{"embeddable":true,"href":"https:\/\/elmundodelapolitica.com\/v1\/wp-json\/wp\/v2\/comments?post=739"}],"version-history":[{"count":1,"href":"https:\/\/elmundodelapolitica.com\/v1\/wp-json\/wp\/v2\/posts\/739\/revisions"}],"predecessor-version":[{"id":741,"href":"https:\/\/elmundodelapolitica.com\/v1\/wp-json\/wp\/v2\/posts\/739\/revisions\/741"}],"wp:featuredmedia":[{"embeddable":true,"href":"https:\/\/elmundodelapolitica.com\/v1\/wp-json\/wp\/v2\/media\/740"}],"wp:attachment":[{"href":"https:\/\/elmundodelapolitica.com\/v1\/wp-json\/wp\/v2\/media?parent=739"}],"wp:term":[{"taxonomy":"category","embeddable":true,"href":"https:\/\/elmundodelapolitica.com\/v1\/wp-json\/wp\/v2\/categories?post=739"},{"taxonomy":"post_tag","embeddable":true,"href":"https:\/\/elmundodelapolitica.com\/v1\/wp-json\/wp\/v2\/tags?post=739"}],"curies":[{"name":"wp","href":"https:\/\/api.w.org\/{rel}","templated":true}]}}