{"id":7378,"date":"2025-12-23T03:03:00","date_gmt":"2025-12-23T07:03:00","guid":{"rendered":"https:\/\/elmundodelapolitica.com\/v1\/exigen-auditoria-forense-internacional-al-senasa-y-reparacion-a-los-afiliados\/"},"modified":"2025-12-23T03:03:00","modified_gmt":"2025-12-23T07:03:00","slug":"exigen-auditoria-forense-internacional-al-senasa-y-reparacion-a-los-afiliados","status":"publish","type":"post","link":"https:\/\/elmundodelapolitica.com\/v1\/exigen-auditoria-forense-internacional-al-senasa-y-reparacion-a-los-afiliados\/","title":{"rendered":"Exigen auditor\u00eda forense internacional al SENASA y reparaci\u00f3n a los afiliados"},"content":{"rendered":"<div>El partido Fuerza del Pueblo exigi\u00f3 este lunes la realizaci\u00f3n de una auditor\u00eda forense internacional al Seguro Nacional de Salud (Senasa), as\u00ed como la \u00abreparaci\u00f3n integral y transparente\u00bb a todos los afiliados de la ARS que hayan sufrido da\u00f1os a su salud, negaci\u00f3n de servicios o fallecimientos de familiares, como consecuencia del esquema de corrupci\u00f3n [\u2026]<\/div>\n","protected":false},"excerpt":{"rendered":"<p>El partido Fuerza del Pueblo exigi\u00f3 este lunes la realizaci\u00f3n de una auditor\u00eda forense internacional al Seguro Nacional de Salud (Senasa), as\u00ed como la \u00abreparaci\u00f3n integral y transparente\u00bb a todos&hellip; <\/p>\n","protected":false},"author":1,"featured_media":0,"comment_status":"closed","ping_status":"closed","sticky":false,"template":"","format":"standard","meta":{"fifu_image_url":"","fifu_image_alt":"","footnotes":""},"categories":[17],"tags":[],"class_list":["post-7378","post","type-post","status-publish","format-standard","hentry","category-politica"],"_links":{"self":[{"href":"https:\/\/elmundodelapolitica.com\/v1\/wp-json\/wp\/v2\/posts\/7378","targetHints":{"allow":["GET"]}}],"collection":[{"href":"https:\/\/elmundodelapolitica.com\/v1\/wp-json\/wp\/v2\/posts"}],"about":[{"href":"https:\/\/elmundodelapolitica.com\/v1\/wp-json\/wp\/v2\/types\/post"}],"author":[{"embeddable":true,"href":"https:\/\/elmundodelapolitica.com\/v1\/wp-json\/wp\/v2\/users\/1"}],"replies":[{"embeddable":true,"href":"https:\/\/elmundodelapolitica.com\/v1\/wp-json\/wp\/v2\/comments?post=7378"}],"version-history":[{"count":0,"href":"https:\/\/elmundodelapolitica.com\/v1\/wp-json\/wp\/v2\/posts\/7378\/revisions"}],"wp:attachment":[{"href":"https:\/\/elmundodelapolitica.com\/v1\/wp-json\/wp\/v2\/media?parent=7378"}],"wp:term":[{"taxonomy":"category","embeddable":true,"href":"https:\/\/elmundodelapolitica.com\/v1\/wp-json\/wp\/v2\/categories?post=7378"},{"taxonomy":"post_tag","embeddable":true,"href":"https:\/\/elmundodelapolitica.com\/v1\/wp-json\/wp\/v2\/tags?post=7378"}],"curies":[{"name":"wp","href":"https:\/\/api.w.org\/{rel}","templated":true}]}}