{"id":7365,"date":"2025-12-21T03:04:47","date_gmt":"2025-12-21T07:04:47","guid":{"rendered":"https:\/\/elmundodelapolitica.com\/v1\/leonel-fernandez-la-gran-estafa-a-los-pobres-con-senasa-marca-un-ano-horrible-para-rd\/"},"modified":"2025-12-21T03:04:47","modified_gmt":"2025-12-21T07:04:47","slug":"leonel-fernandez-la-gran-estafa-a-los-pobres-con-senasa-marca-un-ano-horrible-para-rd","status":"publish","type":"post","link":"https:\/\/elmundodelapolitica.com\/v1\/leonel-fernandez-la-gran-estafa-a-los-pobres-con-senasa-marca-un-ano-horrible-para-rd\/","title":{"rendered":"Leonel Fern\u00e1ndez: \u201cLa gran estafa a los pobres con Senasa marca un a\u00f1o horrible para RD\u201d"},"content":{"rendered":"<div>Santo Domingo. El presidente del partido Fuerza del Pueblo (FP) y expresidente de la Rep\u00fablica, Leonel Fern\u00e1ndez, calific\u00f3 el a\u00f1o 2025 como \u201cun a\u00f1o horrible para la Rep\u00fablica Dominicana\u201d, al presentar un balance cr\u00edtico de la situaci\u00f3n econ\u00f3mica, social e institucional del pa\u00eds, durante el encuentro de cierre de a\u00f1o organizado por Jos\u00e9 Francisco Pe\u00f1a [\u2026]<\/div>\n","protected":false},"excerpt":{"rendered":"<p>Santo Domingo. El presidente del partido Fuerza del Pueblo (FP) y expresidente de la Rep\u00fablica, Leonel Fern\u00e1ndez, calific\u00f3 el a\u00f1o 2025 como \u201cun a\u00f1o horrible para la Rep\u00fablica Dominicana\u201d, al&hellip; <\/p>\n","protected":false},"author":1,"featured_media":0,"comment_status":"closed","ping_status":"closed","sticky":false,"template":"","format":"standard","meta":{"fifu_image_url":"","fifu_image_alt":"","footnotes":""},"categories":[17],"tags":[],"class_list":["post-7365","post","type-post","status-publish","format-standard","hentry","category-politica"],"_links":{"self":[{"href":"https:\/\/elmundodelapolitica.com\/v1\/wp-json\/wp\/v2\/posts\/7365","targetHints":{"allow":["GET"]}}],"collection":[{"href":"https:\/\/elmundodelapolitica.com\/v1\/wp-json\/wp\/v2\/posts"}],"about":[{"href":"https:\/\/elmundodelapolitica.com\/v1\/wp-json\/wp\/v2\/types\/post"}],"author":[{"embeddable":true,"href":"https:\/\/elmundodelapolitica.com\/v1\/wp-json\/wp\/v2\/users\/1"}],"replies":[{"embeddable":true,"href":"https:\/\/elmundodelapolitica.com\/v1\/wp-json\/wp\/v2\/comments?post=7365"}],"version-history":[{"count":0,"href":"https:\/\/elmundodelapolitica.com\/v1\/wp-json\/wp\/v2\/posts\/7365\/revisions"}],"wp:attachment":[{"href":"https:\/\/elmundodelapolitica.com\/v1\/wp-json\/wp\/v2\/media?parent=7365"}],"wp:term":[{"taxonomy":"category","embeddable":true,"href":"https:\/\/elmundodelapolitica.com\/v1\/wp-json\/wp\/v2\/categories?post=7365"},{"taxonomy":"post_tag","embeddable":true,"href":"https:\/\/elmundodelapolitica.com\/v1\/wp-json\/wp\/v2\/tags?post=7365"}],"curies":[{"name":"wp","href":"https:\/\/api.w.org\/{rel}","templated":true}]}}