{"id":7362,"date":"2025-12-20T03:03:04","date_gmt":"2025-12-20T07:03:04","guid":{"rendered":"https:\/\/elmundodelapolitica.com\/v1\/jce-designa-nuevos-titulares-en-partidos-politicos-y-consultoria-juridica\/"},"modified":"2025-12-20T03:03:04","modified_gmt":"2025-12-20T07:03:04","slug":"jce-designa-nuevos-titulares-en-partidos-politicos-y-consultoria-juridica","status":"publish","type":"post","link":"https:\/\/elmundodelapolitica.com\/v1\/jce-designa-nuevos-titulares-en-partidos-politicos-y-consultoria-juridica\/","title":{"rendered":"JCE designa nuevos titulares en Partidos Pol\u00edticos y Consultor\u00eda Jur\u00eddica"},"content":{"rendered":"<div>SANTO DOMINGO. \u2013 El Pleno de la Junta Central Electoral (JCE) oficializ\u00f3 este viernes cambios estrat\u00e9gicos en su estructura interna con el nombramiento de Denny E. D\u00edaz Mord\u00e1n como director de Partidos Pol\u00edticos y de Nikauris B\u00e1ez Ram\u00edrez como consultora jur\u00eddica del organismo. La direcci\u00f3n de Partidos Pol\u00edticos se encontraba vacante tras la salida de [\u2026]<\/div>\n","protected":false},"excerpt":{"rendered":"<p>SANTO DOMINGO. \u2013 El Pleno de la Junta Central Electoral (JCE) oficializ\u00f3 este viernes cambios estrat\u00e9gicos en su estructura interna con el nombramiento de Denny E. D\u00edaz Mord\u00e1n como director&hellip; <\/p>\n","protected":false},"author":1,"featured_media":0,"comment_status":"closed","ping_status":"closed","sticky":false,"template":"","format":"standard","meta":{"fifu_image_url":"","fifu_image_alt":"","footnotes":""},"categories":[17],"tags":[],"class_list":["post-7362","post","type-post","status-publish","format-standard","hentry","category-politica"],"_links":{"self":[{"href":"https:\/\/elmundodelapolitica.com\/v1\/wp-json\/wp\/v2\/posts\/7362","targetHints":{"allow":["GET"]}}],"collection":[{"href":"https:\/\/elmundodelapolitica.com\/v1\/wp-json\/wp\/v2\/posts"}],"about":[{"href":"https:\/\/elmundodelapolitica.com\/v1\/wp-json\/wp\/v2\/types\/post"}],"author":[{"embeddable":true,"href":"https:\/\/elmundodelapolitica.com\/v1\/wp-json\/wp\/v2\/users\/1"}],"replies":[{"embeddable":true,"href":"https:\/\/elmundodelapolitica.com\/v1\/wp-json\/wp\/v2\/comments?post=7362"}],"version-history":[{"count":0,"href":"https:\/\/elmundodelapolitica.com\/v1\/wp-json\/wp\/v2\/posts\/7362\/revisions"}],"wp:attachment":[{"href":"https:\/\/elmundodelapolitica.com\/v1\/wp-json\/wp\/v2\/media?parent=7362"}],"wp:term":[{"taxonomy":"category","embeddable":true,"href":"https:\/\/elmundodelapolitica.com\/v1\/wp-json\/wp\/v2\/categories?post=7362"},{"taxonomy":"post_tag","embeddable":true,"href":"https:\/\/elmundodelapolitica.com\/v1\/wp-json\/wp\/v2\/tags?post=7362"}],"curies":[{"name":"wp","href":"https:\/\/api.w.org\/{rel}","templated":true}]}}