{"id":7356,"date":"2025-12-19T03:03:02","date_gmt":"2025-12-19T07:03:02","guid":{"rendered":"https:\/\/elmundodelapolitica.com\/v1\/opcion-democratica-realiza-vigilia-frente-a-la-procuraduria-por-corrupcion-en-senasa\/"},"modified":"2025-12-19T03:03:02","modified_gmt":"2025-12-19T07:03:02","slug":"opcion-democratica-realiza-vigilia-frente-a-la-procuraduria-por-corrupcion-en-senasa","status":"publish","type":"post","link":"https:\/\/elmundodelapolitica.com\/v1\/opcion-democratica-realiza-vigilia-frente-a-la-procuraduria-por-corrupcion-en-senasa\/","title":{"rendered":"Opci\u00f3n Democr\u00e1tica realiza vigilia frente a la Procuradur\u00eda por corrupci\u00f3n en Senasa"},"content":{"rendered":"<div>Santo Domingo.- El partido Opci\u00f3n Democr\u00e1tica (OP) reuni\u00f3 a un grupo de personas frente a la Procuradur\u00eda General de la Rep\u00fablica (PGR) en protesta por el caso de supuesta corrupci\u00f3n cometida en el Seguro Nacional de Salud (Senasa) y sus repercusiones en la salud de millones de personas. El presidente de la organizaci\u00f3n, el exdiputado [\u2026]<\/div>\n","protected":false},"excerpt":{"rendered":"<p>Santo Domingo.- El partido Opci\u00f3n Democr\u00e1tica (OP) reuni\u00f3 a un grupo de personas frente a la Procuradur\u00eda General de la Rep\u00fablica (PGR) en protesta por el caso de supuesta corrupci\u00f3n&hellip; <\/p>\n","protected":false},"author":1,"featured_media":0,"comment_status":"closed","ping_status":"closed","sticky":false,"template":"","format":"standard","meta":{"fifu_image_url":"","fifu_image_alt":"","footnotes":""},"categories":[17],"tags":[],"class_list":["post-7356","post","type-post","status-publish","format-standard","hentry","category-politica"],"_links":{"self":[{"href":"https:\/\/elmundodelapolitica.com\/v1\/wp-json\/wp\/v2\/posts\/7356","targetHints":{"allow":["GET"]}}],"collection":[{"href":"https:\/\/elmundodelapolitica.com\/v1\/wp-json\/wp\/v2\/posts"}],"about":[{"href":"https:\/\/elmundodelapolitica.com\/v1\/wp-json\/wp\/v2\/types\/post"}],"author":[{"embeddable":true,"href":"https:\/\/elmundodelapolitica.com\/v1\/wp-json\/wp\/v2\/users\/1"}],"replies":[{"embeddable":true,"href":"https:\/\/elmundodelapolitica.com\/v1\/wp-json\/wp\/v2\/comments?post=7356"}],"version-history":[{"count":0,"href":"https:\/\/elmundodelapolitica.com\/v1\/wp-json\/wp\/v2\/posts\/7356\/revisions"}],"wp:attachment":[{"href":"https:\/\/elmundodelapolitica.com\/v1\/wp-json\/wp\/v2\/media?parent=7356"}],"wp:term":[{"taxonomy":"category","embeddable":true,"href":"https:\/\/elmundodelapolitica.com\/v1\/wp-json\/wp\/v2\/categories?post=7356"},{"taxonomy":"post_tag","embeddable":true,"href":"https:\/\/elmundodelapolitica.com\/v1\/wp-json\/wp\/v2\/tags?post=7356"}],"curies":[{"name":"wp","href":"https:\/\/api.w.org\/{rel}","templated":true}]}}