{"id":7355,"date":"2025-12-19T03:03:02","date_gmt":"2025-12-19T07:03:02","guid":{"rendered":"https:\/\/elmundodelapolitica.com\/v1\/camara-de-diputados-aprueba-deuda-por-rd401-mil-millones-en-tramite-relampago\/"},"modified":"2025-12-19T03:03:02","modified_gmt":"2025-12-19T07:03:02","slug":"camara-de-diputados-aprueba-deuda-por-rd401-mil-millones-en-tramite-relampago","status":"publish","type":"post","link":"https:\/\/elmundodelapolitica.com\/v1\/camara-de-diputados-aprueba-deuda-por-rd401-mil-millones-en-tramite-relampago\/","title":{"rendered":"C\u00e1mara de Diputados aprueba deuda por RD$401 mil millones en \u00abtr\u00e1mite rel\u00e1mpago\u00bb"},"content":{"rendered":"<div>Santo Domingo.\u2013 En una sesi\u00f3n marcada por la celeridad, la C\u00e1mara de Diputados aprob\u00f3 este mi\u00e9rcoles en dos lecturas consecutivas el proyecto de ley que faculta al Poder Ejecutivo a emitir y colocar valores de deuda p\u00fablica por un monto superior a los RD$401,000 millones. La pieza, enviada por el presidente Luis Abinader hace apenas [\u2026]<\/div>\n","protected":false},"excerpt":{"rendered":"<p>Santo Domingo.\u2013 En una sesi\u00f3n marcada por la celeridad, la C\u00e1mara de Diputados aprob\u00f3 este mi\u00e9rcoles en dos lecturas consecutivas el proyecto de ley que faculta al Poder Ejecutivo a&hellip; <\/p>\n","protected":false},"author":1,"featured_media":0,"comment_status":"closed","ping_status":"closed","sticky":false,"template":"","format":"standard","meta":{"fifu_image_url":"","fifu_image_alt":"","footnotes":""},"categories":[17],"tags":[],"class_list":["post-7355","post","type-post","status-publish","format-standard","hentry","category-politica"],"_links":{"self":[{"href":"https:\/\/elmundodelapolitica.com\/v1\/wp-json\/wp\/v2\/posts\/7355","targetHints":{"allow":["GET"]}}],"collection":[{"href":"https:\/\/elmundodelapolitica.com\/v1\/wp-json\/wp\/v2\/posts"}],"about":[{"href":"https:\/\/elmundodelapolitica.com\/v1\/wp-json\/wp\/v2\/types\/post"}],"author":[{"embeddable":true,"href":"https:\/\/elmundodelapolitica.com\/v1\/wp-json\/wp\/v2\/users\/1"}],"replies":[{"embeddable":true,"href":"https:\/\/elmundodelapolitica.com\/v1\/wp-json\/wp\/v2\/comments?post=7355"}],"version-history":[{"count":0,"href":"https:\/\/elmundodelapolitica.com\/v1\/wp-json\/wp\/v2\/posts\/7355\/revisions"}],"wp:attachment":[{"href":"https:\/\/elmundodelapolitica.com\/v1\/wp-json\/wp\/v2\/media?parent=7355"}],"wp:term":[{"taxonomy":"category","embeddable":true,"href":"https:\/\/elmundodelapolitica.com\/v1\/wp-json\/wp\/v2\/categories?post=7355"},{"taxonomy":"post_tag","embeddable":true,"href":"https:\/\/elmundodelapolitica.com\/v1\/wp-json\/wp\/v2\/tags?post=7355"}],"curies":[{"name":"wp","href":"https:\/\/api.w.org\/{rel}","templated":true}]}}