{"id":7352,"date":"2025-12-18T03:04:17","date_gmt":"2025-12-18T07:04:17","guid":{"rendered":"https:\/\/elmundodelapolitica.com\/v1\/diputados-restablecen-penalidad-por-mora-en-pago-de-cesantia-habia-eliminado-senado-en-reforma-laboral\/"},"modified":"2025-12-18T03:04:17","modified_gmt":"2025-12-18T07:04:17","slug":"diputados-restablecen-penalidad-por-mora-en-pago-de-cesantia-habia-eliminado-senado-en-reforma-laboral","status":"publish","type":"post","link":"https:\/\/elmundodelapolitica.com\/v1\/diputados-restablecen-penalidad-por-mora-en-pago-de-cesantia-habia-eliminado-senado-en-reforma-laboral\/","title":{"rendered":"Diputados restablecen penalidad por mora en pago de cesant\u00eda hab\u00eda eliminado Senado en reforma laboral"},"content":{"rendered":"<div>La Comisi\u00f3n de Trabajo de la C\u00e1mara de Diputados rechaz\u00f3 los cambios que le hizo el Senado al art\u00edculo 86 del C\u00f3digo Laboral el cual estipula una penalidad por el no pago puntual de la cesant\u00eda, establecido a diez d\u00edas del despido. Los senadores hab\u00edan quitado la mora y la comisi\u00f3n de diputados la re-estableci\u00f3 [\u2026]<\/div>\n","protected":false},"excerpt":{"rendered":"<p>La Comisi\u00f3n de Trabajo de la C\u00e1mara de Diputados rechaz\u00f3 los cambios que le hizo el Senado al art\u00edculo 86 del C\u00f3digo Laboral el cual estipula una penalidad por el&hellip; <\/p>\n","protected":false},"author":1,"featured_media":0,"comment_status":"closed","ping_status":"closed","sticky":false,"template":"","format":"standard","meta":{"fifu_image_url":"","fifu_image_alt":"","footnotes":""},"categories":[17],"tags":[],"class_list":["post-7352","post","type-post","status-publish","format-standard","hentry","category-politica"],"_links":{"self":[{"href":"https:\/\/elmundodelapolitica.com\/v1\/wp-json\/wp\/v2\/posts\/7352","targetHints":{"allow":["GET"]}}],"collection":[{"href":"https:\/\/elmundodelapolitica.com\/v1\/wp-json\/wp\/v2\/posts"}],"about":[{"href":"https:\/\/elmundodelapolitica.com\/v1\/wp-json\/wp\/v2\/types\/post"}],"author":[{"embeddable":true,"href":"https:\/\/elmundodelapolitica.com\/v1\/wp-json\/wp\/v2\/users\/1"}],"replies":[{"embeddable":true,"href":"https:\/\/elmundodelapolitica.com\/v1\/wp-json\/wp\/v2\/comments?post=7352"}],"version-history":[{"count":0,"href":"https:\/\/elmundodelapolitica.com\/v1\/wp-json\/wp\/v2\/posts\/7352\/revisions"}],"wp:attachment":[{"href":"https:\/\/elmundodelapolitica.com\/v1\/wp-json\/wp\/v2\/media?parent=7352"}],"wp:term":[{"taxonomy":"category","embeddable":true,"href":"https:\/\/elmundodelapolitica.com\/v1\/wp-json\/wp\/v2\/categories?post=7352"},{"taxonomy":"post_tag","embeddable":true,"href":"https:\/\/elmundodelapolitica.com\/v1\/wp-json\/wp\/v2\/tags?post=7352"}],"curies":[{"name":"wp","href":"https:\/\/api.w.org\/{rel}","templated":true}]}}