{"id":7344,"date":"2025-12-17T03:03:09","date_gmt":"2025-12-17T07:03:09","guid":{"rendered":"https:\/\/elmundodelapolitica.com\/v1\/omar-fernandez-cuestiona-presupuesto-del-2026-por-baja-inversion-y-alto-endeudamiento\/"},"modified":"2025-12-17T03:03:09","modified_gmt":"2025-12-17T07:03:09","slug":"omar-fernandez-cuestiona-presupuesto-del-2026-por-baja-inversion-y-alto-endeudamiento","status":"publish","type":"post","link":"https:\/\/elmundodelapolitica.com\/v1\/omar-fernandez-cuestiona-presupuesto-del-2026-por-baja-inversion-y-alto-endeudamiento\/","title":{"rendered":"Omar Fern\u00e1ndez cuestiona Presupuesto del 2026 por baja inversi\u00f3n y alto endeudamiento"},"content":{"rendered":"<div>Santo Domingo.- El senador del Distrito Nacional, Omar Fern\u00e1ndez, cuestion\u00f3 la propuesta de Presupuesto General del Estado 2026, al advertir que refleja baja inversi\u00f3n p\u00fablica, alto nivel de endeudamiento y un uso ineficiente de los recursos, pese a un contexto internacional favorable para la econom\u00eda dominicana. Fern\u00e1ndez se\u00f1al\u00f3 que, aunque el precio del petr\u00f3leo estar\u00eda [\u2026]<\/div>\n","protected":false},"excerpt":{"rendered":"<p>Santo Domingo.- El senador del Distrito Nacional, Omar Fern\u00e1ndez, cuestion\u00f3 la propuesta de Presupuesto General del Estado 2026, al advertir que refleja baja inversi\u00f3n p\u00fablica, alto nivel de endeudamiento y&hellip; <\/p>\n","protected":false},"author":1,"featured_media":0,"comment_status":"closed","ping_status":"closed","sticky":false,"template":"","format":"standard","meta":{"fifu_image_url":"","fifu_image_alt":"","footnotes":""},"categories":[17],"tags":[],"class_list":["post-7344","post","type-post","status-publish","format-standard","hentry","category-politica"],"_links":{"self":[{"href":"https:\/\/elmundodelapolitica.com\/v1\/wp-json\/wp\/v2\/posts\/7344","targetHints":{"allow":["GET"]}}],"collection":[{"href":"https:\/\/elmundodelapolitica.com\/v1\/wp-json\/wp\/v2\/posts"}],"about":[{"href":"https:\/\/elmundodelapolitica.com\/v1\/wp-json\/wp\/v2\/types\/post"}],"author":[{"embeddable":true,"href":"https:\/\/elmundodelapolitica.com\/v1\/wp-json\/wp\/v2\/users\/1"}],"replies":[{"embeddable":true,"href":"https:\/\/elmundodelapolitica.com\/v1\/wp-json\/wp\/v2\/comments?post=7344"}],"version-history":[{"count":0,"href":"https:\/\/elmundodelapolitica.com\/v1\/wp-json\/wp\/v2\/posts\/7344\/revisions"}],"wp:attachment":[{"href":"https:\/\/elmundodelapolitica.com\/v1\/wp-json\/wp\/v2\/media?parent=7344"}],"wp:term":[{"taxonomy":"category","embeddable":true,"href":"https:\/\/elmundodelapolitica.com\/v1\/wp-json\/wp\/v2\/categories?post=7344"},{"taxonomy":"post_tag","embeddable":true,"href":"https:\/\/elmundodelapolitica.com\/v1\/wp-json\/wp\/v2\/tags?post=7344"}],"curies":[{"name":"wp","href":"https:\/\/api.w.org\/{rel}","templated":true}]}}