{"id":7335,"date":"2025-12-16T03:04:01","date_gmt":"2025-12-16T07:04:01","guid":{"rendered":"https:\/\/elmundodelapolitica.com\/v1\/legisladores-cuestionan-acuerdos-que-beneficiaron-tres-imputados-en-caso-senasa\/"},"modified":"2025-12-16T03:04:01","modified_gmt":"2025-12-16T07:04:01","slug":"legisladores-cuestionan-acuerdos-que-beneficiaron-tres-imputados-en-caso-senasa","status":"publish","type":"post","link":"https:\/\/elmundodelapolitica.com\/v1\/legisladores-cuestionan-acuerdos-que-beneficiaron-tres-imputados-en-caso-senasa\/","title":{"rendered":"Legisladores cuestionan acuerdos que beneficiaron tres imputados en caso SeNaSa"},"content":{"rendered":"<div>Santo Domingo.\u2013 Legisladores de distintas bancadas cuestionaron los acuerdos alcanzados con el Ministerio P\u00fablico que otorgaron prisi\u00f3n domiciliaria a tres de los diez imputados en el caso Senasa, al considerar que env\u00edan un mensaje de impunidad en un expediente que afecta directamente la salud p\u00fablica. Las cr\u00edticas se concentraron en los beneficios concedidos al empresario [\u2026]<\/div>\n","protected":false},"excerpt":{"rendered":"<p>Santo Domingo.\u2013 Legisladores de distintas bancadas cuestionaron los acuerdos alcanzados con el Ministerio P\u00fablico que otorgaron prisi\u00f3n domiciliaria a tres de los diez imputados en el caso Senasa, al considerar&hellip; <\/p>\n","protected":false},"author":1,"featured_media":0,"comment_status":"closed","ping_status":"closed","sticky":false,"template":"","format":"standard","meta":{"fifu_image_url":"","fifu_image_alt":"","footnotes":""},"categories":[17],"tags":[],"class_list":["post-7335","post","type-post","status-publish","format-standard","hentry","category-politica"],"_links":{"self":[{"href":"https:\/\/elmundodelapolitica.com\/v1\/wp-json\/wp\/v2\/posts\/7335","targetHints":{"allow":["GET"]}}],"collection":[{"href":"https:\/\/elmundodelapolitica.com\/v1\/wp-json\/wp\/v2\/posts"}],"about":[{"href":"https:\/\/elmundodelapolitica.com\/v1\/wp-json\/wp\/v2\/types\/post"}],"author":[{"embeddable":true,"href":"https:\/\/elmundodelapolitica.com\/v1\/wp-json\/wp\/v2\/users\/1"}],"replies":[{"embeddable":true,"href":"https:\/\/elmundodelapolitica.com\/v1\/wp-json\/wp\/v2\/comments?post=7335"}],"version-history":[{"count":0,"href":"https:\/\/elmundodelapolitica.com\/v1\/wp-json\/wp\/v2\/posts\/7335\/revisions"}],"wp:attachment":[{"href":"https:\/\/elmundodelapolitica.com\/v1\/wp-json\/wp\/v2\/media?parent=7335"}],"wp:term":[{"taxonomy":"category","embeddable":true,"href":"https:\/\/elmundodelapolitica.com\/v1\/wp-json\/wp\/v2\/categories?post=7335"},{"taxonomy":"post_tag","embeddable":true,"href":"https:\/\/elmundodelapolitica.com\/v1\/wp-json\/wp\/v2\/tags?post=7335"}],"curies":[{"name":"wp","href":"https:\/\/api.w.org\/{rel}","templated":true}]}}