{"id":7317,"date":"2025-12-15T03:03:36","date_gmt":"2025-12-15T07:03:36","guid":{"rendered":"https:\/\/elmundodelapolitica.com\/v1\/guillermo-moreno-cada-peso-robado-en-senasa-fue-una-vida-puesta-en-riesgo\/"},"modified":"2025-12-15T11:08:46","modified_gmt":"2025-12-15T15:08:46","slug":"guillermo-moreno-cada-peso-robado-en-senasa-fue-una-vida-puesta-en-riesgo","status":"publish","type":"post","link":"https:\/\/elmundodelapolitica.com\/v1\/guillermo-moreno-cada-peso-robado-en-senasa-fue-una-vida-puesta-en-riesgo\/","title":{"rendered":"Guillermo Moreno: \u201cCada peso robado en SeNaSa fue una vida puesta en riesgo\u201d"},"content":{"rendered":"<p>Santo Domingo.\u2013 El dirigente pol\u00edtico Guillermo Moreno se refiri\u00f3 al presunto desfalco detectado en el Seguro Nacional de Salud (Senasa), estimado por el Ministerio P\u00fablico en m\u00e1s de RD$15,900 millones, se\u00f1alando el grave impacto social que este caso representa para la poblaci\u00f3n m\u00e1s vulnerable.<\/p>\n<p>Moreno afirm\u00f3 que cada peso sustra\u00eddo de los fondos p\u00fablicos se traduce en consecuencias directas para los ciudadanos. \u201cCada peso robado fue una cita m\u00e9dica negada, un tratamiento retrasado, una vida puesta en riesgo\u201d, expres\u00f3, al destacar el da\u00f1o humano que genera la corrupci\u00f3n en el sistema de salud.<\/p>\n<p>Asimismo, valor\u00f3 como acertada la decisi\u00f3n del presidente Luis Abinader de remitir el caso al Ministerio P\u00fablico y permitir que la justicia act\u00fae sin interferencias. A su juicio, esta acci\u00f3n marca una diferencia frente a pr\u00e1cticas del pasado.<\/p>\n<p>\u201cEl presidente ha sido claro al decir que tiene amigos, pero no c\u00f3mplices\u201d, sostuvo Moreno, al considerar que esta postura rompe con la vieja costumbre de encubrir la corrupci\u00f3n desde el poder.<\/p>\n<p>El pronunciamiento se suma a las reacciones que ha generado el caso Senasa en distintos sectores pol\u00edticos y sociales, mientras las autoridades contin\u00faan con las investigaciones para determinar responsabilidades y establecer las sanciones correspondientes conforme a la ley.<\/p>\n","protected":false},"excerpt":{"rendered":"<p>Santo Domingo.\u2013 El dirigente pol\u00edtico Guillermo Moreno se refiri\u00f3 al presunto desfalco detectado en el Seguro Nacional de Salud (Senasa), estimado por el Ministerio P\u00fablico en m\u00e1s de RD$15,900 millones,&hellip; <\/p>\n","protected":false},"author":1,"featured_media":7324,"comment_status":"closed","ping_status":"closed","sticky":false,"template":"","format":"standard","meta":{"fifu_image_url":"https:\/\/i0.wp.com\/rnn.com.do\/wp-content\/uploads\/2025\/12\/Guillermo-Moreno-1.webp?resize=696%2C464&ssl=1","fifu_image_alt":"","footnotes":""},"categories":[17],"tags":[],"class_list":["post-7317","post","type-post","status-publish","format-standard","has-post-thumbnail","hentry","category-politica"],"_links":{"self":[{"href":"https:\/\/elmundodelapolitica.com\/v1\/wp-json\/wp\/v2\/posts\/7317","targetHints":{"allow":["GET"]}}],"collection":[{"href":"https:\/\/elmundodelapolitica.com\/v1\/wp-json\/wp\/v2\/posts"}],"about":[{"href":"https:\/\/elmundodelapolitica.com\/v1\/wp-json\/wp\/v2\/types\/post"}],"author":[{"embeddable":true,"href":"https:\/\/elmundodelapolitica.com\/v1\/wp-json\/wp\/v2\/users\/1"}],"replies":[{"embeddable":true,"href":"https:\/\/elmundodelapolitica.com\/v1\/wp-json\/wp\/v2\/comments?post=7317"}],"version-history":[{"count":1,"href":"https:\/\/elmundodelapolitica.com\/v1\/wp-json\/wp\/v2\/posts\/7317\/revisions"}],"predecessor-version":[{"id":7323,"href":"https:\/\/elmundodelapolitica.com\/v1\/wp-json\/wp\/v2\/posts\/7317\/revisions\/7323"}],"wp:featuredmedia":[{"embeddable":true,"href":"https:\/\/elmundodelapolitica.com\/v1\/wp-json\/wp\/v2\/media\/7324"}],"wp:attachment":[{"href":"https:\/\/elmundodelapolitica.com\/v1\/wp-json\/wp\/v2\/media?parent=7317"}],"wp:term":[{"taxonomy":"category","embeddable":true,"href":"https:\/\/elmundodelapolitica.com\/v1\/wp-json\/wp\/v2\/categories?post=7317"},{"taxonomy":"post_tag","embeddable":true,"href":"https:\/\/elmundodelapolitica.com\/v1\/wp-json\/wp\/v2\/tags?post=7317"}],"curies":[{"name":"wp","href":"https:\/\/api.w.org\/{rel}","templated":true}]}}