{"id":7316,"date":"2025-12-15T03:03:36","date_gmt":"2025-12-15T07:03:36","guid":{"rendered":"https:\/\/elmundodelapolitica.com\/v1\/piden-comision-para-investigar-alcance-de-perdidas-humanas-por-falta-de-atencion-en-senasa\/"},"modified":"2025-12-15T11:06:59","modified_gmt":"2025-12-15T15:06:59","slug":"piden-comision-para-investigar-alcance-de-perdidas-humanas-por-falta-de-atencion-en-senasa","status":"publish","type":"post","link":"https:\/\/elmundodelapolitica.com\/v1\/piden-comision-para-investigar-alcance-de-perdidas-humanas-por-falta-de-atencion-en-senasa\/","title":{"rendered":"Piden comisi\u00f3n para investigar alcance de p\u00e9rdidas humanas por falta de atenci\u00f3n en Senasa"},"content":{"rendered":"<p>Santo Domingo\u2013 El exsenador por la provicia de Elias Pi\u00f1a y miembro del Partido de la Liberaci\u00f3n Dominicana (PLD) , Iv\u00e1n Lorenzo, solicit\u00f3 la creaci\u00f3n de una Comisi\u00f3n de la Verdad que investigue el alcance de las p\u00e9rdidas humanas supuestamente ocasionadas por la falta de atenci\u00f3n m\u00e9dica, a ra\u00edz de la situaci\u00f3n financiera que atraviesa el Seguro Nacional de Salud (Senasa).<\/p>\n<p>A trav\u00e9s de un mensaje publicado en su cuenta de la red social X, Lorenzo afirm\u00f3 que es necesario esclarecer ante la sociedad dominicana las consecuencias que habr\u00eda generado la presunta quiebra de la entidad aseguradora estatal en el acceso oportuno a los servicios de salud.<\/p>\n<p>\u201cSe hace necesaria la creaci\u00f3n de una Comisi\u00f3n de la Verdad para que investigue e informe a la sociedad dominicana sobre el alcance de las p\u00e9rdidas humanas como consecuencia de la falta de atenci\u00f3n m\u00e9dica por la quiebra de Senasa\u201d, expres\u00f3 el exlegislador.<\/p>\n<p>La declaraci\u00f3n se suma al debate p\u00fablico que ha surgido en torno a la situaci\u00f3n de Senasa y a las denuncias sobre posibles fallas en la prestaci\u00f3n de servicios, tema que ha generado preocupaci\u00f3n en distintos sectores sociales y pol\u00edticos del pa\u00eds.<\/p>\n","protected":false},"excerpt":{"rendered":"<p>Santo Domingo\u2013 El exsenador por la provicia de Elias Pi\u00f1a y miembro del Partido de la Liberaci\u00f3n Dominicana (PLD) , Iv\u00e1n Lorenzo, solicit\u00f3 la creaci\u00f3n de una Comisi\u00f3n de la&hellip; <\/p>\n","protected":false},"author":1,"featured_media":7320,"comment_status":"closed","ping_status":"closed","sticky":false,"template":"","format":"standard","meta":{"fifu_image_url":"https:\/\/i0.wp.com\/rnn.com.do\/wp-content\/uploads\/2025\/12\/WhatsApp-Image-2025-08-06-at-5.19.46-PM.webp?resize=696%2C464&ssl=1","fifu_image_alt":"","footnotes":""},"categories":[17],"tags":[],"class_list":["post-7316","post","type-post","status-publish","format-standard","has-post-thumbnail","hentry","category-politica"],"_links":{"self":[{"href":"https:\/\/elmundodelapolitica.com\/v1\/wp-json\/wp\/v2\/posts\/7316","targetHints":{"allow":["GET"]}}],"collection":[{"href":"https:\/\/elmundodelapolitica.com\/v1\/wp-json\/wp\/v2\/posts"}],"about":[{"href":"https:\/\/elmundodelapolitica.com\/v1\/wp-json\/wp\/v2\/types\/post"}],"author":[{"embeddable":true,"href":"https:\/\/elmundodelapolitica.com\/v1\/wp-json\/wp\/v2\/users\/1"}],"replies":[{"embeddable":true,"href":"https:\/\/elmundodelapolitica.com\/v1\/wp-json\/wp\/v2\/comments?post=7316"}],"version-history":[{"count":1,"href":"https:\/\/elmundodelapolitica.com\/v1\/wp-json\/wp\/v2\/posts\/7316\/revisions"}],"predecessor-version":[{"id":7319,"href":"https:\/\/elmundodelapolitica.com\/v1\/wp-json\/wp\/v2\/posts\/7316\/revisions\/7319"}],"wp:featuredmedia":[{"embeddable":true,"href":"https:\/\/elmundodelapolitica.com\/v1\/wp-json\/wp\/v2\/media\/7320"}],"wp:attachment":[{"href":"https:\/\/elmundodelapolitica.com\/v1\/wp-json\/wp\/v2\/media?parent=7316"}],"wp:term":[{"taxonomy":"category","embeddable":true,"href":"https:\/\/elmundodelapolitica.com\/v1\/wp-json\/wp\/v2\/categories?post=7316"},{"taxonomy":"post_tag","embeddable":true,"href":"https:\/\/elmundodelapolitica.com\/v1\/wp-json\/wp\/v2\/tags?post=7316"}],"curies":[{"name":"wp","href":"https:\/\/api.w.org\/{rel}","templated":true}]}}