{"id":7307,"date":"2025-12-15T11:10:09","date_gmt":"2025-12-15T15:10:09","guid":{"rendered":"https:\/\/elmundodelapolitica.com\/v1\/?p=7307"},"modified":"2025-12-15T11:10:11","modified_gmt":"2025-12-15T15:10:11","slug":"pld-busca-ganar-elecciones-tras-reestructuracion-interna-afirma-danilo-medina","status":"publish","type":"post","link":"https:\/\/elmundodelapolitica.com\/v1\/pld-busca-ganar-elecciones-tras-reestructuracion-interna-afirma-danilo-medina\/","title":{"rendered":"PLD busca ganar elecciones tras reestructuraci\u00f3n interna, afirma Danilo Medina"},"content":{"rendered":"<p>SANTO DOMINGO.- El expresidente Danilo Medina asegur\u00f3 este s\u00e1bado que, tras la culminaci\u00f3n de las etapas de la nueva L\u00ednea Organizativa y Electoral, el Partido de la Liberaci\u00f3n Dominicana (PLD) estar\u00e1 preparado para ganar \u00abindiscutiblemente\u00bb las pr\u00f3ximas elecciones.<\/p>\n<p>Medina realiz\u00f3 estas declaraciones durante el cierre de la asamblea de evaluaci\u00f3n de la implementaci\u00f3n de la L\u00ednea Organizativa y Electoral, celebrada en la Casa Nacional Reinaldo Pared P\u00e9rez del PLD. Destac\u00f3 la importancia de la experiencia y la visi\u00f3n realista para el dominio de la \u00abcarpinter\u00eda pol\u00edtica\u00bb necesaria para enlazar pol\u00edticamente los organismos del partido.<\/p>\n<p>El exmandatario defini\u00f3 a los enlaces como los constructores del nuevo Partido de la Liberaci\u00f3n Dominicana, resultado de la implementaci\u00f3n de la L\u00ednea Organizativa y Electoral, establecida en el X Congreso Ordinario Reinaldo Pared P\u00e9rez.<\/p>\n<p>Exhort\u00f3 a los presentes a redoblar el trabajo organizativo, enfatizando que \u00abno le podemos fallar al Partido, porque ser\u00eda fallarle al pa\u00eds. En nosotros est\u00e1 la esperanza de redenci\u00f3n del pueblo dominicano\u00bb. Asimismo, inst\u00f3 a motivar a los j\u00f3venes a integrarse directamente en el trabajo pol\u00edtico, resaltando el amplio nivel de simpat\u00edas hacia el PLD entre la juventud.<\/p>\n<p>Seg\u00fan una nota de prensa del PLD, la asamblea de dirigentes nacionales evalu\u00f3 la implementaci\u00f3n de la L\u00ednea Organizativa y Electoral (LOE). Las exposiciones estuvieron a cargo de Mayobanex Escoto (Secretario de Organizaci\u00f3n), Danilo D\u00edaz (Asuntos Electorales), Domingo Jim\u00e9nez Reyes (Tecnolog\u00eda) y Rub\u00e9n Bichara (Secretar\u00eda de Enlaces y Coordinador de la Comisi\u00f3n de la LOE).<\/p>\n<p>La mesa de direcci\u00f3n del encuentro estuvo integrada por Danilo Medina (Presidente del PLD), Johnny Pujols (Secretario General), los vicepresidentes Zoraima Cuello e Yv\u00e1n Lorenzo, y los miembros de la Comisi\u00f3n Rub\u00e9n Bichara, Danilo D\u00edaz, Mayobanex Escoto, Domingo Jim\u00e9nez, Miriam Cabral, Alexis Lantigua y Emerson Vegazo. Tambi\u00e9n asistieron miembros del Comit\u00e9 Pol\u00edtico, supervisores de Enlaces, Enlaces en provincias y Circunscripciones Electorales, presidentes de Comit\u00e9s Provinciales y Municipales, y subsecretarios en las Secretar\u00edas de Enlaces y Comunicaci\u00f3n Interna, Asuntos Electorales, Organizaci\u00f3n y Tecnolog\u00eda de la Informaci\u00f3n y Comunicaci\u00f3n.<\/p>\n<p>La agenda incluy\u00f3 una introducci\u00f3n por H\u00e9ctor Olivo (moderador), palabras de apertura de Mayobanex Escoto, presentaci\u00f3n de avances por Danilo D\u00edaz, orientaciones del proceso en la Plataforma LOE por Domingo Jim\u00e9nez, motivaciones generales por Rub\u00e9n Bichara y el cierre por Danilo Medina.<\/p>\n<p>La asamblea se caracteriz\u00f3 por su dinamismo y entusiasmo, reflejado en las intervenciones de los participantes. Medina comparti\u00f3 experiencias como activista nacional junto a Juan Bosch, fundador del PLD.<\/p>\n<p>Cristina Lizardo, miembro del Comit\u00e9 Pol\u00edtico y coordinadora de la Comisi\u00f3n de Celebraciones y Conmemoraciones, anunci\u00f3 las actividades programadas para el 15 de diciembre, aniversario n\u00famero 52 de la fundaci\u00f3n del partido.<\/p>\n","protected":false},"excerpt":{"rendered":"<p>SANTO DOMINGO.- El expresidente Danilo Medina asegur\u00f3 este s\u00e1bado que, tras la culminaci\u00f3n de las etapas de la nueva L\u00ednea Organizativa y Electoral, el Partido de la Liberaci\u00f3n Dominicana (PLD)&hellip; <\/p>\n","protected":false},"author":1,"featured_media":7327,"comment_status":"closed","ping_status":"closed","sticky":false,"template":"","format":"standard","meta":{"fifu_image_url":"https:\/\/proceso.com.do\/wp-content\/uploads\/2025\/12\/DANILO-MEDINA-REESTRIUCTURACION-PLD-650x400.webp","fifu_image_alt":"","footnotes":""},"categories":[12],"tags":[],"class_list":["post-7307","post","type-post","status-publish","format-standard","has-post-thumbnail","hentry","category-agenda-politica"],"_links":{"self":[{"href":"https:\/\/elmundodelapolitica.com\/v1\/wp-json\/wp\/v2\/posts\/7307","targetHints":{"allow":["GET"]}}],"collection":[{"href":"https:\/\/elmundodelapolitica.com\/v1\/wp-json\/wp\/v2\/posts"}],"about":[{"href":"https:\/\/elmundodelapolitica.com\/v1\/wp-json\/wp\/v2\/types\/post"}],"author":[{"embeddable":true,"href":"https:\/\/elmundodelapolitica.com\/v1\/wp-json\/wp\/v2\/users\/1"}],"replies":[{"embeddable":true,"href":"https:\/\/elmundodelapolitica.com\/v1\/wp-json\/wp\/v2\/comments?post=7307"}],"version-history":[{"count":1,"href":"https:\/\/elmundodelapolitica.com\/v1\/wp-json\/wp\/v2\/posts\/7307\/revisions"}],"predecessor-version":[{"id":7326,"href":"https:\/\/elmundodelapolitica.com\/v1\/wp-json\/wp\/v2\/posts\/7307\/revisions\/7326"}],"wp:featuredmedia":[{"embeddable":true,"href":"https:\/\/elmundodelapolitica.com\/v1\/wp-json\/wp\/v2\/media\/7327"}],"wp:attachment":[{"href":"https:\/\/elmundodelapolitica.com\/v1\/wp-json\/wp\/v2\/media?parent=7307"}],"wp:term":[{"taxonomy":"category","embeddable":true,"href":"https:\/\/elmundodelapolitica.com\/v1\/wp-json\/wp\/v2\/categories?post=7307"},{"taxonomy":"post_tag","embeddable":true,"href":"https:\/\/elmundodelapolitica.com\/v1\/wp-json\/wp\/v2\/tags?post=7307"}],"curies":[{"name":"wp","href":"https:\/\/api.w.org\/{rel}","templated":true}]}}