{"id":7301,"date":"2025-12-12T03:03:11","date_gmt":"2025-12-12T07:03:11","guid":{"rendered":"https:\/\/elmundodelapolitica.com\/v1\/tse-rechaza-medida-cautelar-contra-el-partido-humanista-y-aplaza-decision-sobre-el-fondo\/"},"modified":"2025-12-15T11:11:06","modified_gmt":"2025-12-15T15:11:06","slug":"tse-rechaza-medida-cautelar-contra-el-partido-humanista-y-aplaza-decision-sobre-el-fondo","status":"publish","type":"post","link":"https:\/\/elmundodelapolitica.com\/v1\/tse-rechaza-medida-cautelar-contra-el-partido-humanista-y-aplaza-decision-sobre-el-fondo\/","title":{"rendered":"TSE rechaza medida cautelar contra el Partido Humanista y aplaza decisi\u00f3n sobre el fondo"},"content":{"rendered":"<p>Santo Domingo. \u2013 El Tribunal Superior Electoral (TSE), rechaz\u00f3 este jueves la solicitud de imposici\u00f3n de medida cautelar al Partido Humanista Dominicano (PHD) y fij\u00f3 para el 16 de diciembre el conocimiento del fondo de la demanda en impugnaci\u00f3n de asamblea celebrada el 9 de noviembre de 2025, por el Comit\u00e9 Ejecutivo Nacional del Partido Humanista Dominicano (PHD).<\/p>\n<p>Neg\u00f3 en cuanto al fondo la medida cautelar solicitada en el curso del expediente TSE-01-0031-2025, por no configurarse concomitantemente los presupuestos del art\u00edculo 160 de Reglamento de Procedimientos Contenciosos Electorales.<\/p>\n<p>La decisi\u00f3n adoptada por los magistrados Ygnacio Pascual Camacho Hidalgo, juez presidente; los jueces titulares Pedro Pablo Yermenos Forastieri; Fernando Fern\u00e1ndez Cruz; Rafaelina Peralta Arias y Lenis Ros\u00e1ngela Garc\u00eda.<\/p>\n<p>La representaci\u00f3n legal de los demandantes El\u00e9xido Paula y Juli\u00e1n Burgos Bonilla hab\u00eda solicitado disponer, como medida cautelar, la suspensi\u00f3n inmediata de los efectos del acta y de las decisiones adoptadas durante la reuni\u00f3n del 9 de noviembre de 2025.<\/p>\n<p>La Alta Corte orden\u00f3 que la Ordenanza sea notificada a las partes, v\u00eda Secretar\u00eda, y publicada en el portal institucional del Tribunal Superior Electoral y en el Bolet\u00edn Contencioso Electoral, para los fines correspondientes.<\/p>\n<p>La demanda fue interpuesta el 20 de noviembre de 2025 por El\u00e9xido Paula y Juli\u00e1n Burgos Bonilla contra la asamblea celebrada el 9 de noviembre de 2025 por el Comit\u00e9 Ejecutivo Nacional del Partido Humanista Dominicano (PHD).<\/p>\n<p>Respecto al fondo del proceso, el Tribunal acogi\u00f3 la solicitud de la parte impugnada relativa al aplazamiento de la audiencia, y orden\u00f3 una comunicaci\u00f3n rec\u00edproca de documentos en relaci\u00f3n con la parte principal del expediente, fijando el conocimiento del fondo del proceso para el d\u00eda martes 16 del a\u00f1o en curso.<\/p>\n","protected":false},"excerpt":{"rendered":"<p>Santo Domingo. \u2013 El Tribunal Superior Electoral (TSE), rechaz\u00f3 este jueves la solicitud de imposici\u00f3n de medida cautelar al Partido Humanista Dominicano (PHD) y fij\u00f3 para el 16 de diciembre&hellip; <\/p>\n","protected":false},"author":1,"featured_media":7329,"comment_status":"closed","ping_status":"closed","sticky":false,"template":"","format":"standard","meta":{"fifu_image_url":"https:\/\/i0.wp.com\/rnn.com.do\/wp-content\/uploads\/2025\/12\/tse.jpg?resize=696%2C348&ssl=1","fifu_image_alt":"","footnotes":""},"categories":[17],"tags":[],"class_list":["post-7301","post","type-post","status-publish","format-standard","has-post-thumbnail","hentry","category-politica"],"_links":{"self":[{"href":"https:\/\/elmundodelapolitica.com\/v1\/wp-json\/wp\/v2\/posts\/7301","targetHints":{"allow":["GET"]}}],"collection":[{"href":"https:\/\/elmundodelapolitica.com\/v1\/wp-json\/wp\/v2\/posts"}],"about":[{"href":"https:\/\/elmundodelapolitica.com\/v1\/wp-json\/wp\/v2\/types\/post"}],"author":[{"embeddable":true,"href":"https:\/\/elmundodelapolitica.com\/v1\/wp-json\/wp\/v2\/users\/1"}],"replies":[{"embeddable":true,"href":"https:\/\/elmundodelapolitica.com\/v1\/wp-json\/wp\/v2\/comments?post=7301"}],"version-history":[{"count":1,"href":"https:\/\/elmundodelapolitica.com\/v1\/wp-json\/wp\/v2\/posts\/7301\/revisions"}],"predecessor-version":[{"id":7328,"href":"https:\/\/elmundodelapolitica.com\/v1\/wp-json\/wp\/v2\/posts\/7301\/revisions\/7328"}],"wp:featuredmedia":[{"embeddable":true,"href":"https:\/\/elmundodelapolitica.com\/v1\/wp-json\/wp\/v2\/media\/7329"}],"wp:attachment":[{"href":"https:\/\/elmundodelapolitica.com\/v1\/wp-json\/wp\/v2\/media?parent=7301"}],"wp:term":[{"taxonomy":"category","embeddable":true,"href":"https:\/\/elmundodelapolitica.com\/v1\/wp-json\/wp\/v2\/categories?post=7301"},{"taxonomy":"post_tag","embeddable":true,"href":"https:\/\/elmundodelapolitica.com\/v1\/wp-json\/wp\/v2\/tags?post=7301"}],"curies":[{"name":"wp","href":"https:\/\/api.w.org\/{rel}","templated":true}]}}