{"id":730,"date":"2022-10-07T08:12:32","date_gmt":"2022-10-07T12:12:32","guid":{"rendered":"https:\/\/elmundodelapolitica.com\/v1\/?p=730"},"modified":"2022-10-07T08:12:36","modified_gmt":"2022-10-07T12:12:36","slug":"republica-dominicana-sera-sede-de-la-x-cumbre-de-las-americas-en-2025","status":"publish","type":"post","link":"https:\/\/elmundodelapolitica.com\/v1\/republica-dominicana-sera-sede-de-la-x-cumbre-de-las-americas-en-2025\/","title":{"rendered":"Rep\u00fablica Dominicana ser\u00e1 sede de la X Cumbre de las Am\u00e9ricas en 2025"},"content":{"rendered":"\n<p>Lima, Per\u00fa.&nbsp;&#8211;&nbsp;<strong>Rep\u00fablica Dominicana ser\u00e1 la sede en el a\u00f1o 2025 de la X Cumbre de las Am\u00e9ricas<\/strong>,&nbsp;el&nbsp;c\u00f3nclave regional&nbsp;m\u00e1s importante para los&nbsp;<strong>pa\u00edses del&nbsp;<\/strong><strong>hemisferio&nbsp;occidental<\/strong>, a ser efectuado&nbsp;bajo la colaboraci\u00f3n de la Organizaci\u00f3n de los Estados Americanos (OEA).<\/p>\n\n\n\n<p>La elecci\u00f3n del pa\u00eds para este evento se anunci\u00f3 durante la&nbsp;<strong>Reuni\u00f3n Ministerial del Grupo de Revisi\u00f3n de la Implementaci\u00f3n de Cumbres (GRIC)<\/strong>,&nbsp;realizada este jueves en Lima, Per\u00fa, en el marco de la agenda de la&nbsp;<strong>52 Asamblea General de la OEA<\/strong>&nbsp;en la que particip\u00f3 el Ministro de Relaciones Exteriores,&nbsp;<strong>Roberto \u00c1lvarez<\/strong>.<\/p>\n\n\n\n<p>La noticia fue dada a conocer a los Estados miembros por&nbsp;<strong>el secretario de Estado de los Estados Unidos de Am\u00e9rica, Antony Blinken,<\/strong>&nbsp;quien felicit\u00f3 a Rep\u00fablica Dominicana por este nuevo&nbsp;<strong>compromiso con el multilateralismo.<\/strong><\/p>\n\n\n\n<p>El canciller \u00c1lvarez expres\u00f3 que el pa\u00eds se compromete en trabajar estrechamente con todos los Estados para llevar a esta cumbre&nbsp;<strong>los temas m\u00e1s acuciantes del hemisferio y lograr los mejores resultados posibles.<\/strong><\/p>\n\n\n\n<p><em>\u201cRep\u00fablica Dominicana est\u00e1 comprometida con el multilateralismo y plenamente convencida de la oportunidad que brindan estos escenarios internacionales. Esa vocaci\u00f3n se ha cristalizado en nuestro desempe\u00f1o y hemos acumulado suficientes experiencias para abocarnos a un evento de esta magnitud\u201d<\/em>, resalt\u00f3 el ministro.<\/p>\n\n\n\n<p>Rep\u00fablica Dominicana ostenta actualmente&nbsp;<strong>las presidencias&nbsp;<\/strong><strong>pro&nbsp;tempore del Sistema de la Integraci\u00f3n Centroamericana (SICA), as\u00ed como de la Conferencia Iberoamericana<\/strong>, cuya cumbre se realizar\u00e1 en el pa\u00eds en marzo del pr\u00f3ximo a\u00f1o.<\/p>\n\n\n\n<p>Sobre esta experiencia para organizar cumbres internacionales, el canciller mencion\u00f3 algunas de las m\u00e1s relevantes realizadas en el pa\u00eds, como la segunda Cumbre de la Organizaci\u00f3n de los Estados Africa Caribe Pac\u00edfico, en 1999; la decimosegunda Cumbre Iberoamericana, en 2002; las Asambleas Generales de la OEA, en 2006 y 2016, y la quinta Cumbre de Jefes de Estado de la Comunidad de Estados Latinoamericanos y Caribe\u00f1os (CELAC), en 2017.<\/p>\n\n\n\n<p><em>\u201cPor esto, para nuestro pa\u00eds es un honor asumir la responsabilidad de organizar la pr\u00f3xima Cumbre de las Am\u00e9ricas, para la cual, como siempre, pondremos todo nuestro empe\u00f1o y disposici\u00f3n a los fines de llevarla a cabo con el m\u00e1s alto nivel y de manera inclusiva\u201d, puntualiz\u00f3 el diplom\u00e1tico dominicano.&nbsp;<\/em><\/p>\n\n\n\n<p>\u00c1lvarez hizo un&nbsp;<strong>reconocimiento al Gobierno de Estados Unidos de Am\u00e9rica<\/strong>&nbsp;por iniciar el proceso de Cumbres y haberlo mantenido vigente en el tiempo, al tiempo de afirmar que Rep\u00fablica Dominicana continuar\u00e1 colaborando estrechamente con esa naci\u00f3n por&nbsp;<strong>cumplir con los compromisos asumidos en la IX Cumbre celebrada este 2022 en Los \u00c1ngeles, California.<\/strong><\/p>\n\n\n\n<p>El secretario general de la OEA, Luis Almagro, expres\u00f3 reconocimiento al trabajo realizado por el&nbsp;<strong>Presidente Luis Abinader<\/strong>&nbsp;y el canciller \u00c1lvarez para lograr que el pa\u00eds sea sede de la pr\u00f3xima Cumbre de las Am\u00e9ricas y asegur\u00f3 que&nbsp;<strong>el<\/strong>&nbsp;<strong>evento estar\u00e1 en buenas manos.<\/strong><\/p>\n\n\n\n<p>En la reuni\u00f3n donde se hizo este anuncio, el Ministro \u00c1lvarez estuvo acompa\u00f1ado por el viceministro de Pol\u00edtica Exterior Multilateral, Rub\u00e9n Sili\u00e9;&nbsp;el embajador representante permanente de Rep\u00fablica Dominicana ante la OEA, Josu\u00e9 Fiallo; el embajador dominicano en Per\u00fa, Alejandro Arias; la directora de Organismos Internacionales del MIREX, Mar\u00eda Fernanda Ortega; la ministra consejera de la misi\u00f3n diplom\u00e1tica en la OEA, \u00c9rika \u00c1lvarez,&nbsp;y el candidato dominicano al Comit\u00e9 Jur\u00eddico Interamericano, Julio Jos\u00e9 Rojas B\u00e1ez.<\/p>\n","protected":false},"excerpt":{"rendered":"<p>Lima, Per\u00fa.&nbsp;&#8211;&nbsp;Rep\u00fablica Dominicana ser\u00e1 la sede en el a\u00f1o 2025 de la X Cumbre de las Am\u00e9ricas,&nbsp;el&nbsp;c\u00f3nclave regional&nbsp;m\u00e1s importante para los&nbsp;pa\u00edses del&nbsp;hemisferio&nbsp;occidental, a ser efectuado&nbsp;bajo la colaboraci\u00f3n de la Organizaci\u00f3n&hellip; <\/p>\n","protected":false},"author":2,"featured_media":731,"comment_status":"open","ping_status":"open","sticky":false,"template":"","format":"standard","meta":{"fifu_image_url":"","fifu_image_alt":"","footnotes":""},"categories":[63,12],"tags":[],"class_list":["post-730","post","type-post","status-publish","format-standard","has-post-thumbnail","hentry","category-actualidad","category-agenda-politica"],"_links":{"self":[{"href":"https:\/\/elmundodelapolitica.com\/v1\/wp-json\/wp\/v2\/posts\/730","targetHints":{"allow":["GET"]}}],"collection":[{"href":"https:\/\/elmundodelapolitica.com\/v1\/wp-json\/wp\/v2\/posts"}],"about":[{"href":"https:\/\/elmundodelapolitica.com\/v1\/wp-json\/wp\/v2\/types\/post"}],"author":[{"embeddable":true,"href":"https:\/\/elmundodelapolitica.com\/v1\/wp-json\/wp\/v2\/users\/2"}],"replies":[{"embeddable":true,"href":"https:\/\/elmundodelapolitica.com\/v1\/wp-json\/wp\/v2\/comments?post=730"}],"version-history":[{"count":1,"href":"https:\/\/elmundodelapolitica.com\/v1\/wp-json\/wp\/v2\/posts\/730\/revisions"}],"predecessor-version":[{"id":732,"href":"https:\/\/elmundodelapolitica.com\/v1\/wp-json\/wp\/v2\/posts\/730\/revisions\/732"}],"wp:featuredmedia":[{"embeddable":true,"href":"https:\/\/elmundodelapolitica.com\/v1\/wp-json\/wp\/v2\/media\/731"}],"wp:attachment":[{"href":"https:\/\/elmundodelapolitica.com\/v1\/wp-json\/wp\/v2\/media?parent=730"}],"wp:term":[{"taxonomy":"category","embeddable":true,"href":"https:\/\/elmundodelapolitica.com\/v1\/wp-json\/wp\/v2\/categories?post=730"},{"taxonomy":"post_tag","embeddable":true,"href":"https:\/\/elmundodelapolitica.com\/v1\/wp-json\/wp\/v2\/tags?post=730"}],"curies":[{"name":"wp","href":"https:\/\/api.w.org\/{rel}","templated":true}]}}