{"id":7268,"date":"2025-12-11T03:08:29","date_gmt":"2025-12-11T07:08:29","guid":{"rendered":"https:\/\/elmundodelapolitica.com\/v1\/diputada-juliana-oneal-en-senasa-se-robaron-tratamientos-y-oportunidades-de-vivir\/"},"modified":"2025-12-11T10:48:49","modified_gmt":"2025-12-11T14:48:49","slug":"diputada-juliana-oneal-en-senasa-se-robaron-tratamientos-y-oportunidades-de-vivir","status":"publish","type":"post","link":"https:\/\/elmundodelapolitica.com\/v1\/diputada-juliana-oneal-en-senasa-se-robaron-tratamientos-y-oportunidades-de-vivir\/","title":{"rendered":"Diputada Juliana O\u2019Neal: \u201cEn SeNaSa se robaron tratamientos y oportunidades de vivir\u201d"},"content":{"rendered":"\n<p><strong>SANTO DOMINGO.-<\/strong>&nbsp;La&nbsp;<strong>diputada de Fuerza del Pueblo, Juliana O\u2019Neal<\/strong>, calific\u00f3 el presunto fraude millonario en el Seguro Nacional de Salud (<strong>SeNaSa<\/strong>) como \u201c<em>uno de los golpes m\u00e1s crueles que ha recibido el sistema de salud dominicano en su historia reciente<\/em>\u201d, al afirmar que los fondos supuestamente desviados representaban tratamientos, medicamentos y esperanzas de vida para miles de dominicanos vulnerables.<\/p>\n\n\n\n<p>\u201c<em>En SeNaSa se robaron tratamientos y oportunidades de vivir. Lo que se perdi\u00f3<strong>&nbsp;no fueron cifras contables<\/strong>; fueron quimioterapias, di\u00e1lisis, estudios cl\u00ednicos, nutrici\u00f3n para pacientes fr\u00e1giles, cirug\u00edas y medicamentos que la gente necesitaba para mantenerse viva<\/em>\u201d, expres\u00f3 en un comunicado.<\/p>\n\n\n\n<p>La legisladora record\u00f3 que SeNaSa es la&nbsp;<strong>columna vertebral del r\u00e9gimen subsidiado<\/strong>, donde est\u00e1n afiliados millones de dominicanos de escasos recursos que dependen de la cobertura p\u00fablica para enfrentar enfermedades graves. \u201c<em>Cuando se manipulan fondos destinados a salud, no se afecta a una instituci\u00f3n: se afecta a familias enteras que luchan cada d\u00eda contra diagn\u00f3sticos duros, como el c\u00e1ncer, la insuficiencia renal, enfermedades autoinmunes o problemas card\u00edacos<\/em>\u201d, se\u00f1al\u00f3.<\/p>\n\n\n\n<p>Juliana record\u00f3 que desde el Congreso ha denunciado de manera constante la falta de medicamentos para pacientes con c\u00e1ncer, retrasos en quimioterapias, ausencia de f\u00e1rmacos esenciales y demoras en estudios oncol\u00f3gicos.<\/p>\n\n\n\n<p>\u201c<em>Yo he denunciado por a\u00f1os que a los pacientes no les entregan medicamentos, que deben esperar meses por autorizaciones, que algunos tratamientos se paralizan porque no hay abastecimiento. Hoy vemos que mientras a ellos les faltaba un f\u00e1rmaco vital, millones de pesos estaban siendo desviados en programas manipulados y pagos sin respaldo<\/em>\u201d, subray\u00f3.<\/p>\n\n\n\n<p>Sostuvo que este caso debe marcar un&nbsp;<strong>punto de inflexi\u00f3n<\/strong>&nbsp;en la forma en que se administran los recursos destinados a la salud.<\/p>\n\n\n\n<p>\u201c<em>Cada peso que falt\u00f3 signific\u00f3 una quimioterapia que no lleg\u00f3, una radioterapia que se retras\u00f3 o una cirug\u00eda que nunca se program\u00f3.&nbsp;<strong>La corrupci\u00f3n en salud no es t\u00e9cnica<\/strong>: es profundamente&nbsp;<strong>inhumana<\/strong>. Este pa\u00eds necesita explicaciones, justicia y reformas reales para que algo as\u00ed&nbsp;<strong>no vuelva a ocurrir<\/strong><\/em>\u201d, afirm\u00f3.<\/p>\n\n\n\n<p>La diputada hizo un llamado a que las investigaciones avancen con total transparencia, sin importar rangos ni v\u00ednculos pol\u00edticos, y exhort\u00f3 a fortalecer la supervisi\u00f3n de programas sensibles como nutrici\u00f3n cl\u00ednica, alto costo, procedimientos especializados y servicios tercerizados. \u201c<em><strong>El dinero de la salud es sagrado<\/strong>. Si fall\u00f3 SeNaSa, fall\u00f3 el Estado. Y cuando falla el Estado, se les falla todos<\/em>\u201d, puntualiz\u00f3.<\/p>\n\n\n\n<p>\u00ab<em>Esto nos duele mucho, todos los que hemos sido pacientes o hemos tenido a un familiar o amigo en una situaci\u00f3n de salud delicada sabes que significa cada peso en salud. Por eso mi lucha es, y siempre ser\u00e1, por los pacientes. Por quienes no tienen voz. Por quienes dependen de un sistema transparente para tener una oportunidad de vivir<\/em>.\u201d<\/p>\n","protected":false},"excerpt":{"rendered":"<p>SANTO DOMINGO.-&nbsp;La&nbsp;diputada de Fuerza del Pueblo, Juliana O\u2019Neal, calific\u00f3 el presunto fraude millonario en el Seguro Nacional de Salud (SeNaSa) como \u201cuno de los golpes m\u00e1s crueles que ha recibido&hellip; <\/p>\n","protected":false},"author":1,"featured_media":7272,"comment_status":"closed","ping_status":"closed","sticky":false,"template":"","format":"standard","meta":{"fifu_image_url":"https:\/\/i0.wp.com\/rnn.com.do\/wp-content\/uploads\/2025\/12\/Diputada-Juliana-O%C2%B4Neal.jpg?resize=696%2C464&ssl=1","fifu_image_alt":"","footnotes":""},"categories":[17],"tags":[],"class_list":["post-7268","post","type-post","status-publish","format-standard","has-post-thumbnail","hentry","category-politica"],"_links":{"self":[{"href":"https:\/\/elmundodelapolitica.com\/v1\/wp-json\/wp\/v2\/posts\/7268","targetHints":{"allow":["GET"]}}],"collection":[{"href":"https:\/\/elmundodelapolitica.com\/v1\/wp-json\/wp\/v2\/posts"}],"about":[{"href":"https:\/\/elmundodelapolitica.com\/v1\/wp-json\/wp\/v2\/types\/post"}],"author":[{"embeddable":true,"href":"https:\/\/elmundodelapolitica.com\/v1\/wp-json\/wp\/v2\/users\/1"}],"replies":[{"embeddable":true,"href":"https:\/\/elmundodelapolitica.com\/v1\/wp-json\/wp\/v2\/comments?post=7268"}],"version-history":[{"count":1,"href":"https:\/\/elmundodelapolitica.com\/v1\/wp-json\/wp\/v2\/posts\/7268\/revisions"}],"predecessor-version":[{"id":7271,"href":"https:\/\/elmundodelapolitica.com\/v1\/wp-json\/wp\/v2\/posts\/7268\/revisions\/7271"}],"wp:featuredmedia":[{"embeddable":true,"href":"https:\/\/elmundodelapolitica.com\/v1\/wp-json\/wp\/v2\/media\/7272"}],"wp:attachment":[{"href":"https:\/\/elmundodelapolitica.com\/v1\/wp-json\/wp\/v2\/media?parent=7268"}],"wp:term":[{"taxonomy":"category","embeddable":true,"href":"https:\/\/elmundodelapolitica.com\/v1\/wp-json\/wp\/v2\/categories?post=7268"},{"taxonomy":"post_tag","embeddable":true,"href":"https:\/\/elmundodelapolitica.com\/v1\/wp-json\/wp\/v2\/tags?post=7268"}],"curies":[{"name":"wp","href":"https:\/\/api.w.org\/{rel}","templated":true}]}}