{"id":7266,"date":"2025-12-11T10:49:41","date_gmt":"2025-12-11T14:49:41","guid":{"rendered":"https:\/\/elmundodelapolitica.com\/v1\/?p=7266"},"modified":"2025-12-11T10:49:44","modified_gmt":"2025-12-11T14:49:44","slug":"la-fuerza-del-pueblo-en-massachusetts-rodhe-island-y-connecticut-celebra-encuentro-navideno","status":"publish","type":"post","link":"https:\/\/elmundodelapolitica.com\/v1\/la-fuerza-del-pueblo-en-massachusetts-rodhe-island-y-connecticut-celebra-encuentro-navideno\/","title":{"rendered":"La Fuerza del Pueblo en Massachusetts Rodhe Island y Connecticut celebra encuentro navide\u00f1o"},"content":{"rendered":"<p><img loading=\"lazy\" decoding=\"async\" class=\"attachment-post-thumbnail size-post-thumbnail wp-post-image\" style=\"float: left; margin: 0 15px 15px 0;\" src=\"https:\/\/elmundodelapolitica.com\/v1\/wp-content\/uploads\/2025\/12\/WhatsApp-Image-2025-12-08-at-43451-PM.jpeg\" sizes=\"auto, (max-width: 1020px) 100vw, 1020px\" srcset=\"https:\/\/elmundodelapolitica.com\/v1\/wp-content\/uploads\/2025\/12\/WhatsApp-Image-2025-12-08-at-43451-PM.jpeg 1020w, https:\/\/proceso.com.do\/wp-content\/uploads\/2025\/12\/WhatsApp-Image-2025-12-08-at-4.34.51-PM-768x297.jpeg 768w\" alt=\"\" width=\"1020\" height=\"395\" \/><\/p>\n<p>Las direcciones de la Fuerza del Pueblo de las seccionales OCLE de Boston, Providence, Rodhe Island y Connecticut celebraron un emotivo encuentro navide\u00f1o, donde reafirmaron su compromiso con trabajar para que esa organizaci\u00f3n gane las elecciones del 2028.<\/p>\n<p>Los dirigentes de la organizaci\u00f3n que lidera Leonel Fern\u00e1ndez en esas localidades compartieron en un ambiente de unidad, compa\u00f1erismo y compromiso pol\u00edtico.<\/p>\n<p>En la actividad estuvieron presentes importantes dirigentes de la Direcci\u00f3n Central de la entidad como Carlos Tejada, Frank Tejeda,\u00a0 Florentino Guzm\u00e1n, Ludovino Herrera, Saul Ulloa y Pedro Pineda secretario general Rhode Island.<\/p>\n<p>Tambi\u00e9n Rafael (Rafaelito) Ram\u00edrez, presidente en Providence, Rodhe Istand, Albert Cuevas, presidente en Springfield de Massachusetts, Jos\u00e9 Encarnaci\u00f3n, presidente en Lynn, Jos\u00e9 Reyna, presidente en Worcester, Pedro Mej\u00eda, presidente de Direcci\u00f3n Media, Basilio Encarnaci\u00f3n, Eddy Tejada presidente, Ernesto Valerio.<\/p>\n<p>Adem\u00e1s Eufemio Garc\u00eda, Jemmy Pe\u00f1a, Jos\u00e9 C\u00e1valo, empresario; Sucet Pe\u00f1a, Elvira Disla, Zoila Disla, Ricardo Tejeda, Manuel Tejeda, Robert M\u00e9ndez, Esteban Castillo, los empresarios Roc\u00edo de la Rosa, Juan Castillo, y Jos\u00e9 Adames,<\/p>\n<p>Durante el encuentro, se compartieron reflexiones, mensajes motivadores y un ambiente festivo caracter\u00edstico de esta \u00e9poca especial del a\u00f1o.<\/p>\n<p>Indican que el secretario general de la Fuerza del Pueblo, Antonio Flori\u00e1n (Pe\u00f1ita), envi\u00f3 un emotivo mensaje pol\u00edtico y navide\u00f1o, resaltando los valores de unidad, solidaridad y el compromiso firme con la comunidad dominicana en la di\u00e1spora.<\/p>\n<p>La organizaci\u00f3n del encuentro navide\u00f1o estuvo a cargo Basilio Encarnaci\u00f3n destacado dirigente de la entidad.<\/p>\n","protected":false},"excerpt":{"rendered":"<p>Las direcciones de la Fuerza del Pueblo de las seccionales OCLE de Boston, Providence, Rodhe Island y Connecticut celebraron un emotivo encuentro navide\u00f1o, donde reafirmaron su compromiso con trabajar para&hellip; <\/p>\n","protected":false},"author":1,"featured_media":7274,"comment_status":"closed","ping_status":"closed","sticky":false,"template":"","format":"standard","meta":{"fifu_image_url":"https:\/\/proceso.com.do\/wp-content\/uploads\/2025\/12\/WhatsApp-Image-2025-12-08-at-4.34.51-PM.webp","fifu_image_alt":"","footnotes":""},"categories":[12],"tags":[],"class_list":["post-7266","post","type-post","status-publish","format-standard","has-post-thumbnail","hentry","category-agenda-politica"],"_links":{"self":[{"href":"https:\/\/elmundodelapolitica.com\/v1\/wp-json\/wp\/v2\/posts\/7266","targetHints":{"allow":["GET"]}}],"collection":[{"href":"https:\/\/elmundodelapolitica.com\/v1\/wp-json\/wp\/v2\/posts"}],"about":[{"href":"https:\/\/elmundodelapolitica.com\/v1\/wp-json\/wp\/v2\/types\/post"}],"author":[{"embeddable":true,"href":"https:\/\/elmundodelapolitica.com\/v1\/wp-json\/wp\/v2\/users\/1"}],"replies":[{"embeddable":true,"href":"https:\/\/elmundodelapolitica.com\/v1\/wp-json\/wp\/v2\/comments?post=7266"}],"version-history":[{"count":1,"href":"https:\/\/elmundodelapolitica.com\/v1\/wp-json\/wp\/v2\/posts\/7266\/revisions"}],"predecessor-version":[{"id":7273,"href":"https:\/\/elmundodelapolitica.com\/v1\/wp-json\/wp\/v2\/posts\/7266\/revisions\/7273"}],"wp:featuredmedia":[{"embeddable":true,"href":"https:\/\/elmundodelapolitica.com\/v1\/wp-json\/wp\/v2\/media\/7274"}],"wp:attachment":[{"href":"https:\/\/elmundodelapolitica.com\/v1\/wp-json\/wp\/v2\/media?parent=7266"}],"wp:term":[{"taxonomy":"category","embeddable":true,"href":"https:\/\/elmundodelapolitica.com\/v1\/wp-json\/wp\/v2\/categories?post=7266"},{"taxonomy":"post_tag","embeddable":true,"href":"https:\/\/elmundodelapolitica.com\/v1\/wp-json\/wp\/v2\/tags?post=7266"}],"curies":[{"name":"wp","href":"https:\/\/api.w.org\/{rel}","templated":true}]}}