{"id":7264,"date":"2025-12-11T10:51:30","date_gmt":"2025-12-11T14:51:30","guid":{"rendered":"https:\/\/elmundodelapolitica.com\/v1\/?p=7264"},"modified":"2025-12-11T10:51:36","modified_gmt":"2025-12-11T14:51:36","slug":"phd-informa-todo-esta-listo-para-la-vii-convencion-nacional-ordinaria-para-elegir-a-sus-nuevas-autoridades","status":"publish","type":"post","link":"https:\/\/elmundodelapolitica.com\/v1\/phd-informa-todo-esta-listo-para-la-vii-convencion-nacional-ordinaria-para-elegir-a-sus-nuevas-autoridades\/","title":{"rendered":"PHD informa todo est\u00e1 listo para la VII Convenci\u00f3n Nacional Ordinaria para elegir a sus nuevas autoridades"},"content":{"rendered":"\n<p>Santo Domingo.-&nbsp; El presidente del Partido Humanista Dominicano (PHD), Ram\u00f3n Emilio Goris, declar\u00f3 hoy que todo est\u00e1 listo para la celebraci\u00f3n de la VII Convenci\u00f3n Nacional Ordinaria de esa organizaci\u00f3n fijada para el 21 de este mes, en la que se elegir\u00e1n a las nuevas autoridades de la entidad pol\u00edtica.<\/p>\n\n\n\n<p>Goris inform\u00f3 al respecto, que todos sus dirigentes nacionales, municipales, distritales, de circunscripciones y seccionales han sido convocados para participar en dicho evento.<\/p>\n\n\n\n<p>Dijo que el proceso se desarrollar\u00e1 de manera simult\u00e1nea en varios puntos del pa\u00eds, seg\u00fan las demarcaciones establecidas para las votaciones.<\/p>\n\n\n\n<p>\u201cLa VII Convenci\u00f3n Nacional Ordinaria, a celebrarse el domingo 21 de diciembre de 2025, tiene como objetivo elegir a las nuevas autoridades de la organizaci\u00f3n pol\u00edtica, conforme a lo establecido en los art\u00edculos 8 y 12 de sus estatutos vigentes\u201d, agreg\u00f3.<\/p>\n\n\n\n<p>El l\u00edder pol\u00edtico exhort\u00f3 a todos los dirigentes de la organizaci\u00f3n a acudir de manera puntual y participar activamente en este proceso, el que defini\u00f3 como organizativo y democr\u00e1tico, en cumplimiento de los principios institucionales del PHD.<\/p>\n\n\n\n<p>Subray\u00f3 que la convenci\u00f3n representa un momento clave para la renovaci\u00f3n interna y la continuidad del compromiso humanista que caracteriza su l\u00ednea pol\u00edtica.<\/p>\n\n\n\n<p>Indic\u00f3, asimismo, que el proceso est\u00e1 bajo la responsabilidad de la Comisi\u00f3n Nacional Electoral en virtud del art\u00edculo 32 de la ley 33-18. La misma est\u00e1 encabezada por el doctor Leonardo D\u00edaz e integrada por Damaris de la Cruz y Soraida de la Cruz.<\/p>\n\n\n\n<p>Goris anunci\u00f3 que los centros de votaciones se encontrar\u00e1n ubicados en los siguientes lugares:<\/p>\n\n\n\n<p>La Romana: Liceo Ar\u00edstides Garc\u00eda de Mella, ubicado en la calle Gregorio Luper\u00f3n.<\/p>\n\n\n\n<p>San Francisco de Macor\u00eds: Club Esperanza, calle San Francisco esquina Restauraci\u00f3n.<\/p>\n\n\n\n<p>Santiago de los Caballeros: Colegio Dominicano de Periodistas, entre la calle Ren\u00e9 Omar Montes y el Paseo de los Periodistas.<\/p>\n\n\n\n<p>Ban\u00ed: Sal\u00f3n Parroquial Nuestra Se\u00f1ora de la Regla, calle Duarte con avenida Presidente Billini.<\/p>\n\n\n\n<p>Gran Santo Domingo: Casa Nacional del PHD, calle Josefa A. Perdomo No. 154, Gazcue, en el Distrito Nacional.<\/p>\n","protected":false},"excerpt":{"rendered":"<p>Santo Domingo.-&nbsp; El presidente del Partido Humanista Dominicano (PHD), Ram\u00f3n Emilio Goris, declar\u00f3 hoy que todo est\u00e1 listo para la celebraci\u00f3n de la VII Convenci\u00f3n Nacional Ordinaria de esa organizaci\u00f3n&hellip; <\/p>\n","protected":false},"author":1,"featured_media":7276,"comment_status":"closed","ping_status":"closed","sticky":false,"template":"","format":"standard","meta":{"fifu_image_url":"https:\/\/elnacional.com.do\/wp-content\/uploads\/2022\/04\/Ramon-Emilio-Goris.jpg","fifu_image_alt":"","footnotes":""},"categories":[12],"tags":[],"class_list":["post-7264","post","type-post","status-publish","format-standard","has-post-thumbnail","hentry","category-agenda-politica"],"_links":{"self":[{"href":"https:\/\/elmundodelapolitica.com\/v1\/wp-json\/wp\/v2\/posts\/7264","targetHints":{"allow":["GET"]}}],"collection":[{"href":"https:\/\/elmundodelapolitica.com\/v1\/wp-json\/wp\/v2\/posts"}],"about":[{"href":"https:\/\/elmundodelapolitica.com\/v1\/wp-json\/wp\/v2\/types\/post"}],"author":[{"embeddable":true,"href":"https:\/\/elmundodelapolitica.com\/v1\/wp-json\/wp\/v2\/users\/1"}],"replies":[{"embeddable":true,"href":"https:\/\/elmundodelapolitica.com\/v1\/wp-json\/wp\/v2\/comments?post=7264"}],"version-history":[{"count":1,"href":"https:\/\/elmundodelapolitica.com\/v1\/wp-json\/wp\/v2\/posts\/7264\/revisions"}],"predecessor-version":[{"id":7275,"href":"https:\/\/elmundodelapolitica.com\/v1\/wp-json\/wp\/v2\/posts\/7264\/revisions\/7275"}],"wp:featuredmedia":[{"embeddable":true,"href":"https:\/\/elmundodelapolitica.com\/v1\/wp-json\/wp\/v2\/media\/7276"}],"wp:attachment":[{"href":"https:\/\/elmundodelapolitica.com\/v1\/wp-json\/wp\/v2\/media?parent=7264"}],"wp:term":[{"taxonomy":"category","embeddable":true,"href":"https:\/\/elmundodelapolitica.com\/v1\/wp-json\/wp\/v2\/categories?post=7264"},{"taxonomy":"post_tag","embeddable":true,"href":"https:\/\/elmundodelapolitica.com\/v1\/wp-json\/wp\/v2\/tags?post=7264"}],"curies":[{"name":"wp","href":"https:\/\/api.w.org\/{rel}","templated":true}]}}