{"id":7261,"date":"2025-12-11T10:53:17","date_gmt":"2025-12-11T14:53:17","guid":{"rendered":"https:\/\/elmundodelapolitica.com\/v1\/?p=7261"},"modified":"2025-12-11T10:53:19","modified_gmt":"2025-12-11T14:53:19","slug":"tulio-jimenez-revela-un-senador-y-18-dirigentes-del-prm-seran-extraditados-hacia-eua-acusados-de-narcotrafico","status":"publish","type":"post","link":"https:\/\/elmundodelapolitica.com\/v1\/tulio-jimenez-revela-un-senador-y-18-dirigentes-del-prm-seran-extraditados-hacia-eua-acusados-de-narcotrafico\/","title":{"rendered":"Tulio Jim\u00e9nez revela un senador y 18 dirigentes del PRM ser\u00e1n extraditados hacia EUA acusados de narcotr\u00e1fico"},"content":{"rendered":"<p><img loading=\"lazy\" decoding=\"async\" class=\"attachment-post-thumbnail size-post-thumbnail wp-post-image\" style=\"float: left; margin: 0 15px 15px 0;\" src=\"https:\/\/elmundodelapolitica.com\/v1\/wp-content\/uploads\/2025\/12\/TULIO-JIMENEZ-EN-DIALOGO-URGENTE.jpg\" sizes=\"auto, (max-width: 950px) 100vw, 950px\" srcset=\"https:\/\/elmundodelapolitica.com\/v1\/wp-content\/uploads\/2025\/12\/TULIO-JIMENEZ-EN-DIALOGO-URGENTE.jpg 950w, https:\/\/proceso.com.do\/wp-content\/uploads\/2025\/12\/TULIO-JIMENEZ-EN-DIALOGO-URGENTE-768x396.jpg 768w\" alt=\"\" width=\"950\" height=\"490\" \/><\/p>\n<p><strong>SANTO DOMINGO.<\/strong>\u2013 El exdiputado Tulio Jim\u00e9nez, miembro del Comit\u00e9 Central del Partido de la Liberaci\u00f3n Dominicana, revel\u00f3 hoy que\u00a0<strong>un senador del Partido Revolucionario Moderno (PRM) y 18 dirigentes de esa entidad pol\u00edtica\u00a0<\/strong>ser\u00e1n extraditados hacia Estados Unidos, acusados de tr\u00e1fico internacional de drogas.<\/p>\n<p>Entrevistado en\u00a0<strong>Di\u00e1logo Urgente, por EN TELEVISION,<\/strong>\u00a0el exlegislador dijo que adem\u00e1s ser\u00e1n enviados 18 dirigentes del PRM entre ellos, diputados, alcaldes y regidores.<\/p>\n<p><strong><em>\u201cPorque se van a llevar un senador y 18 m\u00e1s miembros del PRM. Quiz\u00e1s ellos ahora han tomado, \u00e1garrame a Hazim y ll\u00e9vame a los otros, vamos a hacer esto para que pueda pasar desapercibido\u201d,\u00a0<\/em><\/strong>sostuvo Jim\u00e9nez.<\/p>\n<p>-Qu\u00e9 es lo que va a pasar desapercibido-le pregunt\u00f3 Belkys Castillo.<\/p>\n<p>-Que se lleven al senador extraditado y los 18 miembros del PRM-contest\u00f3.<\/p>\n<p>Tulio Jim\u00e9nez dijo que en la pasada campa\u00f1a electoral del Presidente Abinader hubo dos cosas: el uso de los recursos del Estado para comprar las elecciones, y el narco.<\/p>\n<p>Asegur\u00f3 que el cargo de Presidente del Partido Revolucionario Moderno le qued\u00f3 grande a Jos\u00e9 Ignacio Paliza, al cual tild\u00f3 de prepotente.<\/p>\n<p>\u201cPorque ahora tiene que estar cargando con todos los narcos de este pa\u00eds en el PRM,\u201d precis\u00f3 Tulio Jimenez.<\/p>\n<p>Asimismo, critic\u00f3 que los actuales acusados de corrupci\u00f3n sean citados por el Ministerio a la Procuradur\u00eda General de la Rep\u00fablica y no sean allanados y apresados hasta desnudos como hicieron los exfuncionarios del Partido de la Liberaci\u00f3n Dominicana, entre ellos el exministro de Salud Freddy Hidalgo.<\/p>\n<p>Dijo que los que son imputados en el caso de fraude de Senasa hasta recibieron permiso para hacer compras antes de ser apresados, luego de ser interrogados.<\/p>\n<p>Tulio Jim\u00e9nez dijo las actuales acciones judiciales se han convertido en una \u201cchercha\u201d.<\/p>\n","protected":false},"excerpt":{"rendered":"<p>SANTO DOMINGO.\u2013 El exdiputado Tulio Jim\u00e9nez, miembro del Comit\u00e9 Central del Partido de la Liberaci\u00f3n Dominicana, revel\u00f3 hoy que\u00a0un senador del Partido Revolucionario Moderno (PRM) y 18 dirigentes de esa&hellip; <\/p>\n","protected":false},"author":1,"featured_media":7278,"comment_status":"closed","ping_status":"closed","sticky":false,"template":"","format":"standard","meta":{"fifu_image_url":"https:\/\/proceso.com.do\/wp-content\/uploads\/2025\/12\/TULIO-JIMENEZ-EN-DIALOGO-URGENTE-650x400.webp","fifu_image_alt":"","footnotes":""},"categories":[12],"tags":[],"class_list":["post-7261","post","type-post","status-publish","format-standard","has-post-thumbnail","hentry","category-agenda-politica"],"_links":{"self":[{"href":"https:\/\/elmundodelapolitica.com\/v1\/wp-json\/wp\/v2\/posts\/7261","targetHints":{"allow":["GET"]}}],"collection":[{"href":"https:\/\/elmundodelapolitica.com\/v1\/wp-json\/wp\/v2\/posts"}],"about":[{"href":"https:\/\/elmundodelapolitica.com\/v1\/wp-json\/wp\/v2\/types\/post"}],"author":[{"embeddable":true,"href":"https:\/\/elmundodelapolitica.com\/v1\/wp-json\/wp\/v2\/users\/1"}],"replies":[{"embeddable":true,"href":"https:\/\/elmundodelapolitica.com\/v1\/wp-json\/wp\/v2\/comments?post=7261"}],"version-history":[{"count":1,"href":"https:\/\/elmundodelapolitica.com\/v1\/wp-json\/wp\/v2\/posts\/7261\/revisions"}],"predecessor-version":[{"id":7277,"href":"https:\/\/elmundodelapolitica.com\/v1\/wp-json\/wp\/v2\/posts\/7261\/revisions\/7277"}],"wp:featuredmedia":[{"embeddable":true,"href":"https:\/\/elmundodelapolitica.com\/v1\/wp-json\/wp\/v2\/media\/7278"}],"wp:attachment":[{"href":"https:\/\/elmundodelapolitica.com\/v1\/wp-json\/wp\/v2\/media?parent=7261"}],"wp:term":[{"taxonomy":"category","embeddable":true,"href":"https:\/\/elmundodelapolitica.com\/v1\/wp-json\/wp\/v2\/categories?post=7261"},{"taxonomy":"post_tag","embeddable":true,"href":"https:\/\/elmundodelapolitica.com\/v1\/wp-json\/wp\/v2\/tags?post=7261"}],"curies":[{"name":"wp","href":"https:\/\/api.w.org\/{rel}","templated":true}]}}