{"id":7256,"date":"2025-12-11T10:55:15","date_gmt":"2025-12-11T14:55:15","guid":{"rendered":"https:\/\/elmundodelapolitica.com\/v1\/?p=7256"},"modified":"2025-12-11T10:55:17","modified_gmt":"2025-12-11T14:55:17","slug":"director-de-conadis-admite-una-parte-de-la-militancia-perremeista-esta-disgustada-con-funcionarios","status":"publish","type":"post","link":"https:\/\/elmundodelapolitica.com\/v1\/director-de-conadis-admite-una-parte-de-la-militancia-perremeista-esta-disgustada-con-funcionarios\/","title":{"rendered":"Director de Conadis admite una parte de la militancia perreme\u00edsta est\u00e1 disgustada con funcionarios"},"content":{"rendered":"<p><img loading=\"lazy\" decoding=\"async\" class=\"attachment-post-thumbnail size-post-thumbnail wp-post-image\" style=\"float: left; margin: 0 15px 15px 0;\" src=\"https:\/\/elmundodelapolitica.com\/v1\/wp-content\/uploads\/2025\/12\/DIRECTOR-DE-CONADIS-EN-DIALOGO-URGENTE.jpg\" sizes=\"auto, (max-width: 941px) 100vw, 941px\" srcset=\"https:\/\/elmundodelapolitica.com\/v1\/wp-content\/uploads\/2025\/12\/DIRECTOR-DE-CONADIS-EN-DIALOGO-URGENTE.jpg 941w, https:\/\/proceso.com.do\/wp-content\/uploads\/2025\/12\/DIRECTOR-DE-CONADIS-EN-DIALOGO-URGENTE-768x397.jpg 768w\" alt=\"\" width=\"941\" height=\"487\" \/><\/p>\n<p><strong>SANTO DOMINGO.<\/strong>\u2013 El Director del\u00a0<strong>Consejo Nacional para la Discapacidad (CONADIS), Benny Metz,<\/strong>\u00a0admiti\u00f3 que una gran militancia del gobernante Partido Revolucionario Moderno (PRM) est\u00e1 disgustada con los funcionarios.<\/p>\n<p><strong><em>\u201cY hay que decir que una gran cantidad de dirigentes est\u00e1n inconformes por alg\u00fan comportamiento de los compa\u00f1eros en el gobierno, lo que es natural cuando t\u00fa est\u00e1s en una posici\u00f3n, por las aspiraciones que pueda haber de los compa\u00f1eros por las intenciones que puedan entrar al tren gubernamental, y tener mejores condiciones laborales\u201d,\u00a0<\/em><\/strong>sostuvo Metz, entrevistado por Belkys Castillo y Robison G\u00e1lvez Lay en el programa Di\u00e1logo Urgente, por EN TELEVISION.<\/p>\n<p>El funcionario y dirigente del PRM dijo que esa situaci\u00f3n conlleva a una presi\u00f3n que se est\u00e1 dando.<\/p>\n<p>Manifest\u00f3 que el t\u00e9rmino de liderazgos locales, entienden que el dirigente perremeista que est\u00e1 en la posici\u00f3n no les ha respondido como se esperaba.<\/p>\n<p><strong><em>\u201cY a veces autopromesas, la gente se hace autopromesa.Asume de que porque la posici\u00f3n est\u00e1, ya autom\u00e1ticamente, verdad, hay que trabajar, y el modelo del Presidente Abinader cambi\u00f3 totalmente esa modalidad\u201d,\u00a0<\/em><\/strong>subray\u00f3-<\/p>\n<p><strong><em>\u201cAntes \u2013<\/em><\/strong>continu\u00f3<strong><em>\u2013 t\u00fa llegabas a un partido pol\u00edtico y te dec\u00edan Belkys mas diez. A Belkys la nombr\u00e1bamos y Belkys ten\u00eda un listado de diez personas que trabajaban con ellas y ya estaban tranquilas porque ya est\u00e1n nombrados. No solo eso, esos diez no trabajaban, lo que estaban era en n\u00f3mica\u201d.<\/em><\/strong><\/p>\n<p>Benny Metz dijo que ahora los designados en el Estado tienen que trabajar, ya que el Ministerio de Administraci\u00f3n P\u00fablica hace evaluaciones de desempe\u00f1o en todos los organismos estatales.<\/p>\n<p>Aclar\u00f3 que los empleados que laboran en territorios, fuera de sus organismos, tienen que hacer reportes y enviar evidencia de las labores que est\u00e1n realizando.<\/p>\n<p>El director del Consejo Nacional para la Discapacidad dijo que hay un liderazgo emergente en el PRM y un relevo natural\u00a0 y que los perremeistas que aspiran a la Presidencia de la Rep\u00fablica todos son buenos.-<\/p>\n","protected":false},"excerpt":{"rendered":"<p>SANTO DOMINGO.\u2013 El Director del\u00a0Consejo Nacional para la Discapacidad (CONADIS), Benny Metz,\u00a0admiti\u00f3 que una gran militancia del gobernante Partido Revolucionario Moderno (PRM) est\u00e1 disgustada con los funcionarios. \u201cY hay que&hellip; <\/p>\n","protected":false},"author":1,"featured_media":7280,"comment_status":"closed","ping_status":"closed","sticky":false,"template":"","format":"standard","meta":{"fifu_image_url":"https:\/\/proceso.com.do\/wp-content\/uploads\/2025\/12\/DIRECTOR-DE-CONADIS-EN-DIALOGO-URGENTE-650x400.webp","fifu_image_alt":"","footnotes":""},"categories":[12],"tags":[],"class_list":["post-7256","post","type-post","status-publish","format-standard","has-post-thumbnail","hentry","category-agenda-politica"],"_links":{"self":[{"href":"https:\/\/elmundodelapolitica.com\/v1\/wp-json\/wp\/v2\/posts\/7256","targetHints":{"allow":["GET"]}}],"collection":[{"href":"https:\/\/elmundodelapolitica.com\/v1\/wp-json\/wp\/v2\/posts"}],"about":[{"href":"https:\/\/elmundodelapolitica.com\/v1\/wp-json\/wp\/v2\/types\/post"}],"author":[{"embeddable":true,"href":"https:\/\/elmundodelapolitica.com\/v1\/wp-json\/wp\/v2\/users\/1"}],"replies":[{"embeddable":true,"href":"https:\/\/elmundodelapolitica.com\/v1\/wp-json\/wp\/v2\/comments?post=7256"}],"version-history":[{"count":1,"href":"https:\/\/elmundodelapolitica.com\/v1\/wp-json\/wp\/v2\/posts\/7256\/revisions"}],"predecessor-version":[{"id":7279,"href":"https:\/\/elmundodelapolitica.com\/v1\/wp-json\/wp\/v2\/posts\/7256\/revisions\/7279"}],"wp:featuredmedia":[{"embeddable":true,"href":"https:\/\/elmundodelapolitica.com\/v1\/wp-json\/wp\/v2\/media\/7280"}],"wp:attachment":[{"href":"https:\/\/elmundodelapolitica.com\/v1\/wp-json\/wp\/v2\/media?parent=7256"}],"wp:term":[{"taxonomy":"category","embeddable":true,"href":"https:\/\/elmundodelapolitica.com\/v1\/wp-json\/wp\/v2\/categories?post=7256"},{"taxonomy":"post_tag","embeddable":true,"href":"https:\/\/elmundodelapolitica.com\/v1\/wp-json\/wp\/v2\/tags?post=7256"}],"curies":[{"name":"wp","href":"https:\/\/api.w.org\/{rel}","templated":true}]}}