{"id":7248,"date":"2025-12-11T10:58:13","date_gmt":"2025-12-11T14:58:13","guid":{"rendered":"https:\/\/elmundodelapolitica.com\/v1\/?p=7248"},"modified":"2025-12-11T10:58:14","modified_gmt":"2025-12-11T14:58:14","slug":"secretario-general-del-pld-inicia-amplio-recorrido-en-la-vega-lanza-critica-contra-aprobacion-codigo-penal","status":"publish","type":"post","link":"https:\/\/elmundodelapolitica.com\/v1\/secretario-general-del-pld-inicia-amplio-recorrido-en-la-vega-lanza-critica-contra-aprobacion-codigo-penal\/","title":{"rendered":"Secretario General del PLD inicia amplio recorrido en La Vega; lanza cr\u00edtica contra aprobaci\u00f3n C\u00f3digo Penal"},"content":{"rendered":"<p><img loading=\"lazy\" decoding=\"async\" class=\"attachment-post-thumbnail size-post-thumbnail wp-post-image\" style=\"float: left; margin: 0 15px 15px 0;\" src=\"https:\/\/elmundodelapolitica.com\/v1\/wp-content\/uploads\/2025\/12\/JOHHNY-PUJOLS-EN-JIMA.jpg\" sizes=\"auto, (max-width: 923px) 100vw, 923px\" srcset=\"https:\/\/elmundodelapolitica.com\/v1\/wp-content\/uploads\/2025\/12\/JOHHNY-PUJOLS-EN-JIMA.jpg 923w, https:\/\/proceso.com.do\/wp-content\/uploads\/2025\/12\/JOHHNY-PUJOLS-EN-JIMA-768x376.jpg 768w\" alt=\"\" width=\"923\" height=\"452\" \/><\/p>\n<p>La Vega, R.D. \u2013 El secretario general del Partido de la Liberaci\u00f3n Dominicana (PLD), Johnny Pujols, inici\u00f3 este s\u00e1bado un amplio recorrido por la provincia de La Vega, que incluy\u00f3 una visita de cortes\u00eda a la Universidad Cat\u00f3lica del Cibao (UCATECI), donde sostuvo un encuentro con su vicerrector, el Padre Francisco Antonio Jim\u00e9nez (Cualo).<\/p>\n<p>Al conversar con la prensa, Pujols explic\u00f3 que la agenda contempla la inauguraci\u00f3n de un nuevo local del PLD en el municipio de Jima, como parte del proceso de expansi\u00f3n y fortalecimiento territorial que desarrolla la organizaci\u00f3n pol\u00edtica.<\/p>\n<p>\u201cEstamos aperturando un local en Jima, uno de los 41 locales que estaremos abriendo o reacondicionando este a\u00f1o, con la meta de alcanzar 100 espacios operativos en todo el pa\u00eds. Estos locales servir\u00e1n para organizar el partido, pero tambi\u00e9n como puntos de encuentro para que las comunidades construyan junto a nosotros el pa\u00eds del futuro, el pa\u00eds que vamos a comenzar a gobernar en 2028\u201d, expres\u00f3.<\/p>\n<p>En torno al debate del nuevo C\u00f3digo Penal, el dirigente pelede\u00edsta mostr\u00f3 preocupaci\u00f3n por disposiciones que \u2014seg\u00fan afirm\u00f3\u2014 desconocen garant\u00edas fundamentales reconocidas por la Constituci\u00f3n, el Tribunal Constitucional y convenios internacionales.<\/p>\n<p>\u201cVemos un retroceso espantoso en aspectos que afectan a todos los ciudadanos, especialmente en materia de debido proceso. Se le otorgan amplias libertades a un Ministerio P\u00fablico que antes deb\u00eda respetar esas garant\u00edas, y que ahora ver\u00eda legalizadas flexibilidades que preocupan seriamente. Confiamos en que el Tribunal Constitucional tendr\u00e1 que pronunciarse en su momento\u201d, indic\u00f3.<\/p>\n<p>El secretario general estuvo acompa\u00f1ado en este recorrido por dirigentes locales y por el secretario de Asuntos Jur\u00eddicos del PLD y miembro del Comit\u00e9 Pol\u00edtico, Jos\u00e9 Dant\u00e9s; Aura Toribio, miembro del Comit\u00e9 Pol\u00edtico y enlace provincial de La Vega; Bolivar Marte, vicesecretario general y presidente provincial de la referida demarcaci\u00f3n; \u00c1ngel Est\u00e9vez, exministro de Agricultura, entre otros dirigentes.<\/p>\n","protected":false},"excerpt":{"rendered":"<p>La Vega, R.D. \u2013 El secretario general del Partido de la Liberaci\u00f3n Dominicana (PLD), Johnny Pujols, inici\u00f3 este s\u00e1bado un amplio recorrido por la provincia de La Vega, que incluy\u00f3&hellip; <\/p>\n","protected":false},"author":1,"featured_media":7285,"comment_status":"closed","ping_status":"closed","sticky":false,"template":"","format":"standard","meta":{"fifu_image_url":"https:\/\/proceso.com.do\/wp-content\/uploads\/2025\/12\/JOHHNY-PUJOLS-EN-JIMA-650x400.webp","fifu_image_alt":"","footnotes":""},"categories":[12],"tags":[],"class_list":["post-7248","post","type-post","status-publish","format-standard","has-post-thumbnail","hentry","category-agenda-politica"],"_links":{"self":[{"href":"https:\/\/elmundodelapolitica.com\/v1\/wp-json\/wp\/v2\/posts\/7248","targetHints":{"allow":["GET"]}}],"collection":[{"href":"https:\/\/elmundodelapolitica.com\/v1\/wp-json\/wp\/v2\/posts"}],"about":[{"href":"https:\/\/elmundodelapolitica.com\/v1\/wp-json\/wp\/v2\/types\/post"}],"author":[{"embeddable":true,"href":"https:\/\/elmundodelapolitica.com\/v1\/wp-json\/wp\/v2\/users\/1"}],"replies":[{"embeddable":true,"href":"https:\/\/elmundodelapolitica.com\/v1\/wp-json\/wp\/v2\/comments?post=7248"}],"version-history":[{"count":1,"href":"https:\/\/elmundodelapolitica.com\/v1\/wp-json\/wp\/v2\/posts\/7248\/revisions"}],"predecessor-version":[{"id":7284,"href":"https:\/\/elmundodelapolitica.com\/v1\/wp-json\/wp\/v2\/posts\/7248\/revisions\/7284"}],"wp:featuredmedia":[{"embeddable":true,"href":"https:\/\/elmundodelapolitica.com\/v1\/wp-json\/wp\/v2\/media\/7285"}],"wp:attachment":[{"href":"https:\/\/elmundodelapolitica.com\/v1\/wp-json\/wp\/v2\/media?parent=7248"}],"wp:term":[{"taxonomy":"category","embeddable":true,"href":"https:\/\/elmundodelapolitica.com\/v1\/wp-json\/wp\/v2\/categories?post=7248"},{"taxonomy":"post_tag","embeddable":true,"href":"https:\/\/elmundodelapolitica.com\/v1\/wp-json\/wp\/v2\/tags?post=7248"}],"curies":[{"name":"wp","href":"https:\/\/api.w.org\/{rel}","templated":true}]}}