{"id":7246,"date":"2025-12-15T11:14:14","date_gmt":"2025-12-15T15:14:14","guid":{"rendered":"https:\/\/elmundodelapolitica.com\/v1\/?p=7246"},"modified":"2025-12-15T11:14:14","modified_gmt":"2025-12-15T15:14:14","slug":"jose-dantes-afirma-reforma-al-codigo-procesal-penal-es-una-contrarreforma-dice-ignora-precedentes-del-tribunal-constitucional","status":"publish","type":"post","link":"https:\/\/elmundodelapolitica.com\/v1\/jose-dantes-afirma-reforma-al-codigo-procesal-penal-es-una-contrarreforma-dice-ignora-precedentes-del-tribunal-constitucional\/","title":{"rendered":"Jos\u00e9 Dant\u00e9s afirma reforma al C\u00f3digo Procesal Penal es una contrarreforma; dice ignora precedentes del Tribunal Constitucional"},"content":{"rendered":"<p>SANTO DOMINGO.- Jos\u00e9 Dant\u00e9s Diaz, titular de la Secretar\u00eda de Asuntos Jur\u00eddicos del Partido de la Liberaci\u00f3n Dominicana (PLD), cuestion\u00f3 la reforma al C\u00f3digo Procesal Penal aprobada por la C\u00e1mara de Diputados y el Senado.<\/p>\n<p>El miembro del Comit\u00e9 Pol\u00edtico del PLD argumenta que lo aceptado no soluciona las dificultades reales.<\/p>\n<p>\u201cEl pa\u00eds necesita una reforma al C\u00f3digo Procesal Penal, pero no una que debilite derechos ni termine legalizando los excesos del Ministerio P\u00fablico\u201d, escribi\u00f3\u00a0Dant\u00e9s D\u00edaz, en la red social X.<\/p>\n<p>Lo decidido \u201caltera garant\u00edas del debido proceso, ignora precedentes del Tribunal Constitucional y deja en la Procuradora General de la Rep\u00fablica\u00a0la decisi\u00f3n sobre qu\u00e9 se modifica y c\u00f3mo\u201d, agreg\u00f3.<\/p>\n<p>En su comentario se\u00f1al\u00f3: \u201cHoy vemos una cultura donde el Ministerio P\u00fablico act\u00faa con l\u00f3gica de \u201cEstado policial\u201d, sin contrapesos. Reforma s\u00ed. Contrarreforma, no\u201d.<\/p>\n","protected":false},"excerpt":{"rendered":"<p>SANTO DOMINGO.- Jos\u00e9 Dant\u00e9s Diaz, titular de la Secretar\u00eda de Asuntos Jur\u00eddicos del Partido de la Liberaci\u00f3n Dominicana (PLD), cuestion\u00f3 la reforma al C\u00f3digo Procesal Penal aprobada por la C\u00e1mara&hellip; <\/p>\n","protected":false},"author":1,"featured_media":7332,"comment_status":"closed","ping_status":"closed","sticky":false,"template":"","format":"standard","meta":{"fifu_image_url":"https:\/\/proceso.com.do\/wp-content\/uploads\/2023\/11\/Jose-Dantes-Diaz-1620x1080-1-650x400.webp","fifu_image_alt":"","footnotes":""},"categories":[12],"tags":[],"class_list":["post-7246","post","type-post","status-publish","format-standard","has-post-thumbnail","hentry","category-agenda-politica"],"_links":{"self":[{"href":"https:\/\/elmundodelapolitica.com\/v1\/wp-json\/wp\/v2\/posts\/7246","targetHints":{"allow":["GET"]}}],"collection":[{"href":"https:\/\/elmundodelapolitica.com\/v1\/wp-json\/wp\/v2\/posts"}],"about":[{"href":"https:\/\/elmundodelapolitica.com\/v1\/wp-json\/wp\/v2\/types\/post"}],"author":[{"embeddable":true,"href":"https:\/\/elmundodelapolitica.com\/v1\/wp-json\/wp\/v2\/users\/1"}],"replies":[{"embeddable":true,"href":"https:\/\/elmundodelapolitica.com\/v1\/wp-json\/wp\/v2\/comments?post=7246"}],"version-history":[{"count":1,"href":"https:\/\/elmundodelapolitica.com\/v1\/wp-json\/wp\/v2\/posts\/7246\/revisions"}],"predecessor-version":[{"id":7331,"href":"https:\/\/elmundodelapolitica.com\/v1\/wp-json\/wp\/v2\/posts\/7246\/revisions\/7331"}],"wp:featuredmedia":[{"embeddable":true,"href":"https:\/\/elmundodelapolitica.com\/v1\/wp-json\/wp\/v2\/media\/7332"}],"wp:attachment":[{"href":"https:\/\/elmundodelapolitica.com\/v1\/wp-json\/wp\/v2\/media?parent=7246"}],"wp:term":[{"taxonomy":"category","embeddable":true,"href":"https:\/\/elmundodelapolitica.com\/v1\/wp-json\/wp\/v2\/categories?post=7246"},{"taxonomy":"post_tag","embeddable":true,"href":"https:\/\/elmundodelapolitica.com\/v1\/wp-json\/wp\/v2\/tags?post=7246"}],"curies":[{"name":"wp","href":"https:\/\/api.w.org\/{rel}","templated":true}]}}