{"id":7242,"date":"2025-12-11T11:01:15","date_gmt":"2025-12-11T15:01:15","guid":{"rendered":"https:\/\/elmundodelapolitica.com\/v1\/?p=7242"},"modified":"2025-12-11T11:01:26","modified_gmt":"2025-12-11T15:01:26","slug":"diputado-eugenio-cedeno-llama-legisladora-externa-a-procuradora-general-yeni-berenice","status":"publish","type":"post","link":"https:\/\/elmundodelapolitica.com\/v1\/diputado-eugenio-cedeno-llama-legisladora-externa-a-procuradora-general-yeni-berenice\/","title":{"rendered":"Diputado Eugenio Cede\u00f1o llama \"legisladora externa\" a Procuradora General Yeni Berenice"},"content":{"rendered":"<p><strong>Santo Domingo, RD. \u2013<\/strong>\u00a0El diputado\u00a0<strong>Eugenio Cede\u00f1o<\/strong>\u00a0lanz\u00f3 una fuerte cr\u00edtica contra el proceso de aprobaci\u00f3n del nuevo C\u00f3digo Procesal Penal\u00a0en la C\u00e1mara de Diputados, alegando la injerencia de actores ajenos al poder legislativo. Cede\u00f1o identific\u00f3 a la procuradora Yeni Berenice como la\u00a0<strong>\"legisladora externa\"<\/strong>\u00a0que, a su juicio, manipul\u00f3 la voluntad de los congresistas y alter\u00f3 art\u00edculos previamente consensuados.<\/p>\n<p>La controversia surgi\u00f3 cuando, tras haberse aprobado el proyecto en primera lectura y estando conforme con el 95% de su contenido, la pieza regres\u00f3 para una segunda lectura con sorpresivas modificaciones. El diputado, entrevistado hoy en el\u00a0<strong>programa Politikal<\/strong>, detall\u00f3 que la procuradora se reuni\u00f3 con algunos diputados, lo que provoc\u00f3 que estos cambiaran de parecer.<\/p>\n<p>Esta acci\u00f3n, junto con la reuni\u00f3n de algunos jueces de la Suprema Corte de Justicia con tres diputados, result\u00f3 en un \"cartapazo de modificaciones\" que el legislador considera un irrespeto al Congreso como primer poder del Estado.<\/p>\n<p>Cede\u00f1o afirm\u00f3 que su principal objeci\u00f3n en el\u00a0<strong>Congreso Nacional\u00a0<\/strong>radica en el celo por el respeto a las formas, los procedimientos internos, la Constituci\u00f3n, y el proceso de formaci\u00f3n de las leyes. Se\u00f1al\u00f3 que la influencia del\u00a0<strong>Ministerio P\u00fablico<\/strong>\u00a0fue perjudicial y da\u00f1ina, especialmente cuando una persona con poder, perteneciente a otro poder del Estado, intenta imponer su criterio a la C\u00e1mara de Diputados.<\/p>\n<p>Como parte de las irregularidades, el diputado denunci\u00f3 la formaci\u00f3n de una subcomisi\u00f3n de seis diputados de la Comisi\u00f3n de Justicia, que se design\u00f3 de manera irregular por no contar con el qu\u00f3rum necesario.<\/p>\n<p>Esta subcomisi\u00f3n fue creada para trabajar con la procuradora y el Consultor Jur\u00eddico del Ejecutivo. Cede\u00f1o dijo que intent\u00f3 ingresar a estas reuniones, pero le fue negado el acceso, a pesar de que el reglamento de la C\u00e1mara de Diputados permite que cualquier diputado asista a las comisiones, aun sin derecho a voto. Estos agentes, a quienes Cede\u00f1o llam\u00f3\u00a0<strong>\"agentes externos\"<\/strong>, trabajaron con la subcomisi\u00f3n en tres d\u00edas consecutivos.<\/p>\n<p>Aunque Cede\u00f1o reconoci\u00f3 que escuchar a Yeni Berenice es \"bueno y es perfecto\" porque \"aporta mucho\", insisti\u00f3 en que\u00a0<strong>\"el pecado est\u00e1 en nosotros doblegarnos como Congreso Nacional\"<\/strong>. El legislador enfatiz\u00f3 que el Congreso debe velar por su propia \"integridad e integralidad\" y tener conciencia de que es el primer poder del Estado.<\/p>\n<p>Para Cede\u00f1o, la Constituci\u00f3n establece que los legisladores\u00a0<strong>\"no obedecemos a mandato imperativo\"<\/strong>\u00a0y deben tener independencia de criterio y car\u00e1cter. Al plegarse a criterios externos e ignorar su fuero como legisladores, se permite que una ley nazca \"viciada\".<\/p>\n","protected":false},"excerpt":{"rendered":"<p>Santo Domingo, RD. \u2013\u00a0El diputado\u00a0Eugenio Cede\u00f1o\u00a0lanz\u00f3 una fuerte cr\u00edtica contra el proceso de aprobaci\u00f3n del nuevo C\u00f3digo Procesal Penal\u00a0en la C\u00e1mara de Diputados, alegando la injerencia de actores ajenos al&hellip; <\/p>\n","protected":false},"author":1,"featured_media":7288,"comment_status":"closed","ping_status":"closed","sticky":false,"template":"","format":"standard","meta":{"fifu_image_url":"https:\/\/proceso.com.do\/wp-content\/uploads\/2025\/07\/EUGENIO-CEDENO-ARREMETE-CONTRA-YENI-BERENICE-650x400.webp","fifu_image_alt":"","footnotes":""},"categories":[55],"tags":[],"class_list":["post-7242","post","type-post","status-publish","format-standard","has-post-thumbnail","hentry","category-congreso-y-legislacion"],"_links":{"self":[{"href":"https:\/\/elmundodelapolitica.com\/v1\/wp-json\/wp\/v2\/posts\/7242","targetHints":{"allow":["GET"]}}],"collection":[{"href":"https:\/\/elmundodelapolitica.com\/v1\/wp-json\/wp\/v2\/posts"}],"about":[{"href":"https:\/\/elmundodelapolitica.com\/v1\/wp-json\/wp\/v2\/types\/post"}],"author":[{"embeddable":true,"href":"https:\/\/elmundodelapolitica.com\/v1\/wp-json\/wp\/v2\/users\/1"}],"replies":[{"embeddable":true,"href":"https:\/\/elmundodelapolitica.com\/v1\/wp-json\/wp\/v2\/comments?post=7242"}],"version-history":[{"count":1,"href":"https:\/\/elmundodelapolitica.com\/v1\/wp-json\/wp\/v2\/posts\/7242\/revisions"}],"predecessor-version":[{"id":7287,"href":"https:\/\/elmundodelapolitica.com\/v1\/wp-json\/wp\/v2\/posts\/7242\/revisions\/7287"}],"wp:featuredmedia":[{"embeddable":true,"href":"https:\/\/elmundodelapolitica.com\/v1\/wp-json\/wp\/v2\/media\/7288"}],"wp:attachment":[{"href":"https:\/\/elmundodelapolitica.com\/v1\/wp-json\/wp\/v2\/media?parent=7242"}],"wp:term":[{"taxonomy":"category","embeddable":true,"href":"https:\/\/elmundodelapolitica.com\/v1\/wp-json\/wp\/v2\/categories?post=7242"},{"taxonomy":"post_tag","embeddable":true,"href":"https:\/\/elmundodelapolitica.com\/v1\/wp-json\/wp\/v2\/tags?post=7242"}],"curies":[{"name":"wp","href":"https:\/\/api.w.org\/{rel}","templated":true}]}}