{"id":7234,"date":"2025-12-04T03:04:18","date_gmt":"2025-12-04T07:04:18","guid":{"rendered":"https:\/\/elmundodelapolitica.com\/v1\/jose-ignacio-paliza-el-tema-de-la-reeleccion-presidencial-esta-cerrado\/"},"modified":"2025-12-11T11:02:16","modified_gmt":"2025-12-11T15:02:16","slug":"jose-ignacio-paliza-el-tema-de-la-reeleccion-presidencial-esta-cerrado","status":"publish","type":"post","link":"https:\/\/elmundodelapolitica.com\/v1\/jose-ignacio-paliza-el-tema-de-la-reeleccion-presidencial-esta-cerrado\/","title":{"rendered":"Jos\u00e9 Ignacio Paliza: \u00abEl tema de la reelecci\u00f3n presidencial est\u00e1 cerrado\u00bb"},"content":{"rendered":"<p><strong>Santo Domingo.-<\/strong>\u00a0El presidente del Partido Revolucionario Moderno (PRM), Jos\u00e9 Ignacio Paliza, afirm\u00f3 este mi\u00e9rcoles que, dentro de la organizaci\u00f3n oficialista, el tema de la reelecci\u00f3n presidencial est\u00e1 \u00abcerrado\u00bb.<\/p>\n<p>En una publicaci\u00f3n en su cuenta de X, el alto dirigente perreme\u00edsta record\u00f3 que la reforma constitucional impulsada por el actual presidente de la Rep\u00fablica, Luis Abinader, coloca candados a la Carta Magna que impiden los proyectos de modificaci\u00f3n con fines reeleccionistas.<\/p>\n<p>\u00abLa reforma constitucional del 2024 impulsada de forma responsable por nuestro presidente\u00a0<a href=\"https:\/\/x.com\/luisabinader\">@luisabinader<\/a>\u00a0coloca \u201ccandados\u201d a la reelecci\u00f3n presidencial que imposibilita modificar el r\u00e9gimen de 2 periodos y nunca m\u00e1s. \u00a1Para nosotros es un tema cerrado!\u00bb, expres\u00f3 Paliza.<\/p>\n<p>La declaraci\u00f3n de Paliza se produce en momento en que varios legisladores propusieron crear un proyecto de modificaci\u00f3n constitucional con el \u00fanico prop\u00f3sito de rehabilitar al expresidente Danilo Medina (del Partido de la Liberaci\u00f3n Dominicana, PLD) y al actual mandatario, Abinader (Partido Revolucionario Moderno, PRM).<\/p>\n<p>La reforma constitucional de 2024, impulsada por el presidente Abinader, ha colocado \u00abcandados\u00bb que, seg\u00fan asegur\u00f3 el mandatario, son permanentes para impedir de una vez y para siempre la reelecci\u00f3n presidencial despu\u00e9s de dos per\u00edodos consecutivos.<\/p>\n<p>Con esta medida se busca poner fin a 180 a\u00f1os de continuismo pol\u00edtico en Rep\u00fablica Dominicana.<\/p>\n<p>La nueva Constituci\u00f3n reformada, proclamada el 27 de octubre de 2024, introduce mecanismos de blindaje para impedir futuros intentos de modificar las reglas que limitan la permanencia de un presidente en el poder. Esta reforma es considerada trascendental para la consolidaci\u00f3n democr\u00e1tica del pa\u00eds.<\/p>\n","protected":false},"excerpt":{"rendered":"<p>Santo Domingo.-\u00a0El presidente del Partido Revolucionario Moderno (PRM), Jos\u00e9 Ignacio Paliza, afirm\u00f3 este mi\u00e9rcoles que, dentro de la organizaci\u00f3n oficialista, el tema de la reelecci\u00f3n presidencial est\u00e1 \u00abcerrado\u00bb. En una&hellip; <\/p>\n","protected":false},"author":1,"featured_media":7290,"comment_status":"closed","ping_status":"closed","sticky":false,"template":"","format":"standard","meta":{"fifu_image_url":"https:\/\/i0.wp.com\/rnn.com.do\/wp-content\/uploads\/2025\/12\/image-24.png?resize=696%2C424&ssl=1","fifu_image_alt":"","footnotes":""},"categories":[17],"tags":[],"class_list":["post-7234","post","type-post","status-publish","format-standard","has-post-thumbnail","hentry","category-politica"],"_links":{"self":[{"href":"https:\/\/elmundodelapolitica.com\/v1\/wp-json\/wp\/v2\/posts\/7234","targetHints":{"allow":["GET"]}}],"collection":[{"href":"https:\/\/elmundodelapolitica.com\/v1\/wp-json\/wp\/v2\/posts"}],"about":[{"href":"https:\/\/elmundodelapolitica.com\/v1\/wp-json\/wp\/v2\/types\/post"}],"author":[{"embeddable":true,"href":"https:\/\/elmundodelapolitica.com\/v1\/wp-json\/wp\/v2\/users\/1"}],"replies":[{"embeddable":true,"href":"https:\/\/elmundodelapolitica.com\/v1\/wp-json\/wp\/v2\/comments?post=7234"}],"version-history":[{"count":1,"href":"https:\/\/elmundodelapolitica.com\/v1\/wp-json\/wp\/v2\/posts\/7234\/revisions"}],"predecessor-version":[{"id":7289,"href":"https:\/\/elmundodelapolitica.com\/v1\/wp-json\/wp\/v2\/posts\/7234\/revisions\/7289"}],"wp:featuredmedia":[{"embeddable":true,"href":"https:\/\/elmundodelapolitica.com\/v1\/wp-json\/wp\/v2\/media\/7290"}],"wp:attachment":[{"href":"https:\/\/elmundodelapolitica.com\/v1\/wp-json\/wp\/v2\/media?parent=7234"}],"wp:term":[{"taxonomy":"category","embeddable":true,"href":"https:\/\/elmundodelapolitica.com\/v1\/wp-json\/wp\/v2\/categories?post=7234"},{"taxonomy":"post_tag","embeddable":true,"href":"https:\/\/elmundodelapolitica.com\/v1\/wp-json\/wp\/v2\/tags?post=7234"}],"curies":[{"name":"wp","href":"https:\/\/api.w.org\/{rel}","templated":true}]}}