{"id":7233,"date":"2025-12-04T03:04:18","date_gmt":"2025-12-04T07:04:18","guid":{"rendered":"https:\/\/elmundodelapolitica.com\/v1\/miembros-del-pld-respaldan-que-gonzalo-castillo-encabece-la-boleta-del-pld-en-2028\/"},"modified":"2025-12-11T11:02:56","modified_gmt":"2025-12-11T15:02:56","slug":"miembros-del-pld-respaldan-que-gonzalo-castillo-encabece-la-boleta-del-pld-en-2028","status":"publish","type":"post","link":"https:\/\/elmundodelapolitica.com\/v1\/miembros-del-pld-respaldan-que-gonzalo-castillo-encabece-la-boleta-del-pld-en-2028\/","title":{"rendered":"Miembros del PLD respaldan que Gonzalo Castillo encabece la boleta del PLD en 2028"},"content":{"rendered":"<p><strong>Santo Domingo.-<\/strong>\u00a0Cientos de dirigentes del Partido de la Liberaci\u00f3n Dominicana (PLD) anunciaron este mi\u00e9rcoles que respaldan al ex candidato presidencial de esa organizaci\u00f3n Gonzalo Castillo para encabezar nuevamente la boleta morada en las elecciones de 2028.<\/p>\n<p>Miembros del Comit\u00e9 Pol\u00edtico, Comit\u00e9 Central, dirigentes nacionales, exsenadores, diputados, exdiputados, alcaldes y exalcaldes expresaron que est\u00e1n dispuestos a trabajar sin descanso para lograr el crecimiento del partido, junto a la visi\u00f3n de trabajo de una figura pol\u00edtica con una trayectoria de \u00e9xito en la gesti\u00f3n p\u00fablica y privada.<\/p>\n<p>\u00abDesde hoy, todos nosotros estamos en la disposici\u00f3n de compartir con la sociedad dominicana, la visi\u00f3n de trabajo de Gonzalo Castillo, inspirada en la transparencia, la eficiencia y la obtenci\u00f3n de resultados positivos, para as\u00ed construir los anhelos de la poblaci\u00f3n y sus sectores organizados\u00bb, expres\u00f3 el diputado Gustavo S\u00e1nchez, en un documento.<\/p>\n<p>S\u00e1nchez agreg\u00f3: \u00abHoy afirmamos con serenidad y firmeza que, con Gonzalo Castillo, el PLD se une, no porque alguien lo imponga, sino porque as\u00ed lo siente la base, las provincias y los municipios, Gonzalo representa experiencia, capacidad probada y reconocimiento ciudadano, se nos hace m\u00e1s f\u00e1cil volver al poder, m\u00e1s f\u00e1cil porque hay trayectoria\u00bb.<\/p>\n<p>Por su parte, la exdiputada por Santiago Rosa Hilda Genao consider\u00f3 que Castillo representa una visi\u00f3n clara, honesta y valiente.<\/p>\n<p>Castillo fue el candidato presidencial del PLD en el a\u00f1o 2020, proceso en el que alcanz\u00f3 el 38 % de los votos v\u00e1lidos.<\/p>\n","protected":false},"excerpt":{"rendered":"<p>Santo Domingo.-\u00a0Cientos de dirigentes del Partido de la Liberaci\u00f3n Dominicana (PLD) anunciaron este mi\u00e9rcoles que respaldan al ex candidato presidencial de esa organizaci\u00f3n Gonzalo Castillo para encabezar nuevamente la boleta&hellip; <\/p>\n","protected":false},"author":1,"featured_media":7292,"comment_status":"closed","ping_status":"closed","sticky":false,"template":"","format":"standard","meta":{"fifu_image_url":"https:\/\/i0.wp.com\/rnn.com.do\/wp-content\/uploads\/2025\/12\/G7RaWDmXoAE7V7Z.jpg?resize=696%2C464&ssl=1","fifu_image_alt":"","footnotes":""},"categories":[17],"tags":[],"class_list":["post-7233","post","type-post","status-publish","format-standard","has-post-thumbnail","hentry","category-politica"],"_links":{"self":[{"href":"https:\/\/elmundodelapolitica.com\/v1\/wp-json\/wp\/v2\/posts\/7233","targetHints":{"allow":["GET"]}}],"collection":[{"href":"https:\/\/elmundodelapolitica.com\/v1\/wp-json\/wp\/v2\/posts"}],"about":[{"href":"https:\/\/elmundodelapolitica.com\/v1\/wp-json\/wp\/v2\/types\/post"}],"author":[{"embeddable":true,"href":"https:\/\/elmundodelapolitica.com\/v1\/wp-json\/wp\/v2\/users\/1"}],"replies":[{"embeddable":true,"href":"https:\/\/elmundodelapolitica.com\/v1\/wp-json\/wp\/v2\/comments?post=7233"}],"version-history":[{"count":1,"href":"https:\/\/elmundodelapolitica.com\/v1\/wp-json\/wp\/v2\/posts\/7233\/revisions"}],"predecessor-version":[{"id":7291,"href":"https:\/\/elmundodelapolitica.com\/v1\/wp-json\/wp\/v2\/posts\/7233\/revisions\/7291"}],"wp:featuredmedia":[{"embeddable":true,"href":"https:\/\/elmundodelapolitica.com\/v1\/wp-json\/wp\/v2\/media\/7292"}],"wp:attachment":[{"href":"https:\/\/elmundodelapolitica.com\/v1\/wp-json\/wp\/v2\/media?parent=7233"}],"wp:term":[{"taxonomy":"category","embeddable":true,"href":"https:\/\/elmundodelapolitica.com\/v1\/wp-json\/wp\/v2\/categories?post=7233"},{"taxonomy":"post_tag","embeddable":true,"href":"https:\/\/elmundodelapolitica.com\/v1\/wp-json\/wp\/v2\/tags?post=7233"}],"curies":[{"name":"wp","href":"https:\/\/api.w.org\/{rel}","templated":true}]}}