{"id":7224,"date":"2025-12-03T03:03:30","date_gmt":"2025-12-03T07:03:30","guid":{"rendered":"https:\/\/elmundodelapolitica.com\/v1\/fuerza-del-pueblo-rechaza-advertencia-de-la-jce-y-asegura-que-seguira-acompanando-protestas-ciudadanas\/"},"modified":"2025-12-11T11:11:03","modified_gmt":"2025-12-11T15:11:03","slug":"fuerza-del-pueblo-rechaza-advertencia-de-la-jce-y-asegura-que-seguira-acompanando-protestas-ciudadanas","status":"publish","type":"post","link":"https:\/\/elmundodelapolitica.com\/v1\/fuerza-del-pueblo-rechaza-advertencia-de-la-jce-y-asegura-que-seguira-acompanando-protestas-ciudadanas\/","title":{"rendered":"Fuerza del Pueblo rechaza advertencia de la JCE y asegura que seguir\u00e1 acompa\u00f1ando protestas ciudadanas"},"content":{"rendered":"<p><strong>Santo Domingo.-<\/strong>\u00a0La Fuerza del Pueblo (FP) asegur\u00f3 que continuar\u00e1 acompa\u00f1ando a la ciudadan\u00eda en sus manifestaciones y solicit\u00f3 al Pleno de la Junta Central Electoral (JCE) revisar la advertencia emitida tras la protesta social realizada el pasado domingo.<\/p>\n<p>La reacci\u00f3n del partido surge luego de que la JCE intimara a la organizaci\u00f3n pol\u00edtica al considerar que durante la actividad denominada\u00a0<strong>\u201cMarcha del Pueblo\u201d<\/strong>\u00a0se emplearon elementos que podr\u00edan interpretarse como propaganda electoral anticipada. FP, liderada por el expresidente\u00a0<strong>Leonel Fern\u00e1ndez<\/strong>, afirm\u00f3 que mantendr\u00e1 sus actividades y movilizaciones sociales, tal como ocurri\u00f3 el fin de semana anterior.<\/p>\n<p>El partido inform\u00f3 que present\u00f3 ante la JCE un\u00a0<strong>Acto de Respuesta<\/strong>\u00a0al \u201cActo de Intimaci\u00f3n y Advertencia\u201d n\u00famero 1056\/2025, mediante el cual el \u00f3rgano electoral advirti\u00f3 que la manifestaci\u00f3n del 30 de noviembre \u201cpodr\u00eda\u201d confundirse con propaganda electoral antes del inicio formal de la campa\u00f1a, lo que eventualmente podr\u00eda acarrear sanciones administrativas.<\/p>\n<p>En su respuesta, FP record\u00f3 que la Constituci\u00f3n reconoce en los art\u00edculos\u00a0<strong>47, 48 y 49<\/strong>\u00a0los derechos de asociaci\u00f3n, reuni\u00f3n pac\u00edfica y libertad de expresi\u00f3n. Destac\u00f3 que estos permiten a cualquier persona organizarse, manifestarse y expresar ideas sin permiso previo ni censura.<\/p>\n<p>Asimismo, cit\u00f3 el art\u00edculo\u00a0<strong>216<\/strong>\u00a0de la Constituci\u00f3n, que establece que los partidos pol\u00edticos tienen la funci\u00f3n esencial de servir al inter\u00e9s nacional y canalizar las demandas sociales. En ese sentido, FP subray\u00f3 que acompa\u00f1ar a la ciudadan\u00eda en sus reclamos es parte de su rol constitucional.<\/p>\n<p>La organizaci\u00f3n opositora insisti\u00f3 en que los derechos fundamentales solo pueden limitarse mediante leyes org\u00e1nicas, de acuerdo con los art\u00edculos\u00a0<strong>74 y 112<\/strong>, por lo que ninguna unidad administrativa de la JCE puede restringir el ejercicio de la protesta social a trav\u00e9s de un acto de alguacil.<\/p>\n<p>El documento tambi\u00e9n hace referencia a jurisprudencias del Tribunal Constitucional, incluyendo las sentencias\u00a0<strong>TC\/0168\/15<\/strong>\u00a0y\u00a0<strong>TC\/0092\/19<\/strong>, que reconocen el derecho de los partidos a manifestarse p\u00fablicamente y a participar en el debate social en igualdad de condiciones que cualquier ciudadano.<\/p>\n<p>Asimismo, FP resalt\u00f3 que la Ley 20-23, Org\u00e1nica del R\u00e9gimen Electoral, diferencia entre actos de campa\u00f1a dirigidos a captar votos y actividades de car\u00e1cter social o ciudadano. Afirm\u00f3 que durante la Marcha del Pueblo no se promovieron candidaturas, no se solicit\u00f3 el voto ni se exhibieron mensajes proselitistas, sino que se expresaron reclamos sociales relacionados con el costo de la vida, la salud, la educaci\u00f3n, la inseguridad, los apagones y los servicios p\u00fablicos.<\/p>\n<figure class=\"wp-block-image size-large\"><img loading=\"lazy\" decoding=\"async\" class=\"wp-image-469410 td-animation-stack-type0-2 aligncenter\" src=\"https:\/\/i0.wp.com\/rnn.com.do\/wp-content\/uploads\/2025\/12\/G7DfzG2XIAA5RYI.jpg?resize=696%2C464&amp;ssl=1\" sizes=\"auto, (max-width: 696px) 100vw, 696px\" srcset=\"https:\/\/i0.wp.com\/rnn.com.do\/wp-content\/uploads\/2025\/12\/G7DfzG2XIAA5RYI.jpg?resize=1024%2C683&amp;ssl=1 1024w, https:\/\/i0.wp.com\/rnn.com.do\/wp-content\/uploads\/2025\/12\/G7DfzG2XIAA5RYI.jpg?resize=300%2C200&amp;ssl=1 300w, https:\/\/i0.wp.com\/rnn.com.do\/wp-content\/uploads\/2025\/12\/G7DfzG2XIAA5RYI.jpg?resize=768%2C512&amp;ssl=1 768w, https:\/\/i0.wp.com\/rnn.com.do\/wp-content\/uploads\/2025\/12\/G7DfzG2XIAA5RYI.jpg?resize=630%2C420&amp;ssl=1 630w, https:\/\/i0.wp.com\/rnn.com.do\/wp-content\/uploads\/2025\/12\/G7DfzG2XIAA5RYI.jpg?resize=150%2C100&amp;ssl=1 150w, https:\/\/i0.wp.com\/rnn.com.do\/wp-content\/uploads\/2025\/12\/G7DfzG2XIAA5RYI.jpg?resize=696%2C464&amp;ssl=1 696w, https:\/\/i0.wp.com\/rnn.com.do\/wp-content\/uploads\/2025\/12\/G7DfzG2XIAA5RYI.jpg?resize=1068%2C713&amp;ssl=1 1068w, https:\/\/i0.wp.com\/rnn.com.do\/wp-content\/uploads\/2025\/12\/G7DfzG2XIAA5RYI.jpg?w=1280&amp;ssl=1 1280w\" alt=\"\" width=\"696\" height=\"464\" data-recalc-dims=\"1\" data-attachment-id=\"469410\" data-permalink=\"https:\/\/rnn.com.do\/fuerza-del-pueblo-rechaza-advertencia-de-la-jce-y-asegura-que-seguira-acompanando-protestas-ciudadanas\/g7dfzg2xiaa5ryi\/\" data-orig-file=\"https:\/\/i0.wp.com\/rnn.com.do\/wp-content\/uploads\/2025\/12\/G7DfzG2XIAA5RYI.jpg?fit=1280%2C854&amp;ssl=1\" data-orig-size=\"1280,854\" data-comments-opened=\"1\" data-image-meta=\"{&quot;aperture&quot;:&quot;0&quot;,&quot;credit&quot;:&quot;&quot;,&quot;camera&quot;:&quot;&quot;,&quot;caption&quot;:&quot;&quot;,&quot;created_timestamp&quot;:&quot;0&quot;,&quot;copyright&quot;:&quot;&quot;,&quot;focal_length&quot;:&quot;0&quot;,&quot;iso&quot;:&quot;0&quot;,&quot;shutter_speed&quot;:&quot;0&quot;,&quot;title&quot;:&quot;&quot;,&quot;orientation&quot;:&quot;0&quot;}\" data-image-title=\"G7DfzG2XIAA5RYI\" data-image-description=\"\" data-image-caption=\"\" data-medium-file=\"https:\/\/i0.wp.com\/rnn.com.do\/wp-content\/uploads\/2025\/12\/G7DfzG2XIAA5RYI.jpg?fit=300%2C200&amp;ssl=1\" data-large-file=\"https:\/\/i0.wp.com\/rnn.com.do\/wp-content\/uploads\/2025\/12\/G7DfzG2XIAA5RYI.jpg?fit=696%2C464&amp;ssl=1\" \/><\/figure>\n<p>El partido aclar\u00f3 que la presencia de colores, s\u00edmbolos o consignas partidarias en una protesta social no constituye, por s\u00ed misma, propaganda electoral anticipada, ya que la ley exige que exista un mensaje orientado a promover candidaturas para que se configure una violaci\u00f3n.<\/p>\n<p>FP critic\u00f3 que la advertencia de la JCE se base en elementos que \u201cpodr\u00edan configurar\u201d actos pol\u00edtico-partidarios, se\u00f1alando que sancionar sobre hip\u00f3tesis y no sobre hechos comprobables vulnera los principios del debido proceso, establecidos en los art\u00edculos\u00a0<strong>68 y 69<\/strong>\u00a0de la Constituci\u00f3n.<\/p>\n<p>Record\u00f3 tambi\u00e9n que la Marcha del Pueblo fue anunciada p\u00fablicamente con antelaci\u00f3n y que la JCE no emiti\u00f3 observaciones previas, por lo que considera que la intimaci\u00f3n posterior crea un precedente riesgoso para la protesta ciudadana.<\/p>\n<p>En su escrito, FP pidi\u00f3 al Pleno de la JCE reconsiderar y rectificar la interpretaci\u00f3n que equipara el uso de s\u00edmbolos partidarios en una manifestaci\u00f3n social con propaganda electoral anticipada. Argument\u00f3 que mantener ese criterio limitar\u00eda las facultades constitucionales de los partidos y restringir\u00eda derechos ciudadanos fundamentales.<\/p>\n<p>Finalmente, la organizaci\u00f3n reafirm\u00f3 su respeto a la institucionalidad electoral, su compromiso con la defensa de los derechos fundamentales y destac\u00f3 que la Marcha del Pueblo del 30 de noviembre fue una acci\u00f3n c\u00edvica y pac\u00edfica, acorde con la Constituci\u00f3n y las leyes dominicanas<\/p>\n","protected":false},"excerpt":{"rendered":"<p>Santo Domingo.-\u00a0La Fuerza del Pueblo (FP) asegur\u00f3 que continuar\u00e1 acompa\u00f1ando a la ciudadan\u00eda en sus manifestaciones y solicit\u00f3 al Pleno de la Junta Central Electoral (JCE) revisar la advertencia emitida&hellip; <\/p>\n","protected":false},"author":1,"featured_media":7297,"comment_status":"closed","ping_status":"closed","sticky":false,"template":"","format":"standard","meta":{"fifu_image_url":"https:\/\/i0.wp.com\/rnn.com.do\/wp-content\/uploads\/2025\/12\/G7Lr1B-XUAApn3v.jpg?resize=696%2C464&ssl=1","fifu_image_alt":"","footnotes":""},"categories":[17],"tags":[],"class_list":["post-7224","post","type-post","status-publish","format-standard","has-post-thumbnail","hentry","category-politica"],"_links":{"self":[{"href":"https:\/\/elmundodelapolitica.com\/v1\/wp-json\/wp\/v2\/posts\/7224","targetHints":{"allow":["GET"]}}],"collection":[{"href":"https:\/\/elmundodelapolitica.com\/v1\/wp-json\/wp\/v2\/posts"}],"about":[{"href":"https:\/\/elmundodelapolitica.com\/v1\/wp-json\/wp\/v2\/types\/post"}],"author":[{"embeddable":true,"href":"https:\/\/elmundodelapolitica.com\/v1\/wp-json\/wp\/v2\/users\/1"}],"replies":[{"embeddable":true,"href":"https:\/\/elmundodelapolitica.com\/v1\/wp-json\/wp\/v2\/comments?post=7224"}],"version-history":[{"count":1,"href":"https:\/\/elmundodelapolitica.com\/v1\/wp-json\/wp\/v2\/posts\/7224\/revisions"}],"predecessor-version":[{"id":7296,"href":"https:\/\/elmundodelapolitica.com\/v1\/wp-json\/wp\/v2\/posts\/7224\/revisions\/7296"}],"wp:featuredmedia":[{"embeddable":true,"href":"https:\/\/elmundodelapolitica.com\/v1\/wp-json\/wp\/v2\/media\/7297"}],"wp:attachment":[{"href":"https:\/\/elmundodelapolitica.com\/v1\/wp-json\/wp\/v2\/media?parent=7224"}],"wp:term":[{"taxonomy":"category","embeddable":true,"href":"https:\/\/elmundodelapolitica.com\/v1\/wp-json\/wp\/v2\/categories?post=7224"},{"taxonomy":"post_tag","embeddable":true,"href":"https:\/\/elmundodelapolitica.com\/v1\/wp-json\/wp\/v2\/tags?post=7224"}],"curies":[{"name":"wp","href":"https:\/\/api.w.org\/{rel}","templated":true}]}}