{"id":7223,"date":"2025-12-03T03:03:30","date_gmt":"2025-12-03T07:03:30","guid":{"rendered":"https:\/\/elmundodelapolitica.com\/v1\/presentan-propuesta-de-reforma-constitucional-para-habilitar-a-danilo-medina-y-abinader\/"},"modified":"2025-12-11T11:09:42","modified_gmt":"2025-12-11T15:09:42","slug":"presentan-propuesta-de-reforma-constitucional-para-habilitar-a-danilo-medina-y-abinader","status":"publish","type":"post","link":"https:\/\/elmundodelapolitica.com\/v1\/presentan-propuesta-de-reforma-constitucional-para-habilitar-a-danilo-medina-y-abinader\/","title":{"rendered":"Presentan propuesta de reforma constitucional para habilitar a Danilo Medina y Abinader"},"content":{"rendered":"<p><strong>Santo Domingo.\u2013<\/strong>\u00a0Una propuesta de\u00a0<strong>reforma constitucional<\/strong>\u00a0que permitir\u00eda habilitar nuevamente al expresidente\u00a0<strong>Danilo Medina<\/strong>\u00a0y al presidente\u00a0<strong>Luis Abinader<\/strong>\u00a0para aspirar a la Presidencia fue presentada este martes en el Congreso Nacional, en medio de un ambiente pol\u00edtico tenso y discursos enfrentados entre oficialismo y oposici\u00f3n.<\/p>\n<p>La iniciativa, impulsada por el diputado\u00a0<strong>Ram\u00f3n Bueno\u00a0<\/strong>(PRM), busca eliminar las limitaciones actuales y devolver al electorado la posibilidad de escoger entre todos los liderazgos nacionales, lo que, seg\u00fan \u00e9l, fortalecer\u00eda la democracia y ampliar\u00eda el abanico de opciones pol\u00edticas en tiempos de alta polarizaci\u00f3n.<\/p>\n<p>Bueno afirm\u00f3 que impedir a figuras como Medina competir nuevamente ha sido un error, y asegur\u00f3 que trabaja para restablecer \u201cel derecho que tiene Danilo Medina de ser precandidato presidencial\u201d, insistiendo en que su participaci\u00f3n fortalecer\u00eda el sistema de partidos y dinamizar\u00eda el escenario electoral del pa\u00eds.<\/p>\n<p>El tambi\u00e9n oficialista\u00a0<strong>Robinson D\u00edaz<\/strong>\u00a0(PRM) respald\u00f3 la iniciativa, pero agreg\u00f3 que la reforma deber\u00eda incluir al presidente Abinader, con el fin de habilitar simult\u00e1neamente a ambos y permitir que \u201cel pueblo decida qui\u00e9n es el verdadero l\u00edder de la Rep\u00fablica Dominicana\u201d, abriendo el camino para una posible competencia in\u00e9dita entre actuales y expresidentes.<\/p>\n<p>Desde la oposici\u00f3n, la\u00a0<strong>Fuerza del Pueblo<\/strong>\u00a0calific\u00f3 la propuesta como un acto de \u201cdesesperaci\u00f3n\u201d del Gobierno, atribuyendo el gesto al impacto social de la reciente marcha organizada por ese partido. Su diputado\u00a0<strong>Tob\u00edas Crespo<\/strong>\u00a0asegur\u00f3 que la reacci\u00f3n del oficialismo evidencia presi\u00f3n interna y una estrategia improvisada ante el ascenso de la oposici\u00f3n.<\/p>\n<p>En contraste, el\u00a0<strong>PLD<\/strong>\u00a0valor\u00f3 positivamente la posibilidad de habilitar nuevamente a Medina, argumentando que en momentos de crisis es leg\u00edtimo que la ciudadan\u00eda pueda elegir entre figuras con experiencia. La diputada\u00a0<strong>Damaris V\u00e1squez<\/strong>\u00a0record\u00f3 que \u201cel mejor gobierno que nosotros tuvimos fue el de Danilo Medina\u201d, y consider\u00f3 natural que se reclame su regreso.<\/p>\n<p>Los legisladores del PRM insistieron en que no se trata de una maniobra para dividir a la oposici\u00f3n, sino de una correcci\u00f3n institucional orientada a restituir el derecho a ser elegibles a l\u00edderes con larga trayectoria, quienes, seg\u00fan dijeron, a\u00fan tienen \u201cmucho que aportar al pa\u00eds\u201d.<\/p>\n","protected":false},"excerpt":{"rendered":"<p>Santo Domingo.\u2013\u00a0Una propuesta de\u00a0reforma constitucional\u00a0que permitir\u00eda habilitar nuevamente al expresidente\u00a0Danilo Medina\u00a0y al presidente\u00a0Luis Abinader\u00a0para aspirar a la Presidencia fue presentada este martes en el Congreso Nacional, en medio de un&hellip; <\/p>\n","protected":false},"author":1,"featured_media":7295,"comment_status":"closed","ping_status":"closed","sticky":false,"template":"","format":"standard","meta":{"fifu_image_url":"https:\/\/imagedelivery.net\/NLRdvd00lh1oHv32qhXM9g\/d955c79b-650b-4a18-fb8c-61f1c233b800\/w=1920,h=1080","fifu_image_alt":"","footnotes":""},"categories":[17],"tags":[],"class_list":["post-7223","post","type-post","status-publish","format-standard","has-post-thumbnail","hentry","category-politica"],"_links":{"self":[{"href":"https:\/\/elmundodelapolitica.com\/v1\/wp-json\/wp\/v2\/posts\/7223","targetHints":{"allow":["GET"]}}],"collection":[{"href":"https:\/\/elmundodelapolitica.com\/v1\/wp-json\/wp\/v2\/posts"}],"about":[{"href":"https:\/\/elmundodelapolitica.com\/v1\/wp-json\/wp\/v2\/types\/post"}],"author":[{"embeddable":true,"href":"https:\/\/elmundodelapolitica.com\/v1\/wp-json\/wp\/v2\/users\/1"}],"replies":[{"embeddable":true,"href":"https:\/\/elmundodelapolitica.com\/v1\/wp-json\/wp\/v2\/comments?post=7223"}],"version-history":[{"count":1,"href":"https:\/\/elmundodelapolitica.com\/v1\/wp-json\/wp\/v2\/posts\/7223\/revisions"}],"predecessor-version":[{"id":7294,"href":"https:\/\/elmundodelapolitica.com\/v1\/wp-json\/wp\/v2\/posts\/7223\/revisions\/7294"}],"wp:featuredmedia":[{"embeddable":true,"href":"https:\/\/elmundodelapolitica.com\/v1\/wp-json\/wp\/v2\/media\/7295"}],"wp:attachment":[{"href":"https:\/\/elmundodelapolitica.com\/v1\/wp-json\/wp\/v2\/media?parent=7223"}],"wp:term":[{"taxonomy":"category","embeddable":true,"href":"https:\/\/elmundodelapolitica.com\/v1\/wp-json\/wp\/v2\/categories?post=7223"},{"taxonomy":"post_tag","embeddable":true,"href":"https:\/\/elmundodelapolitica.com\/v1\/wp-json\/wp\/v2\/tags?post=7223"}],"curies":[{"name":"wp","href":"https:\/\/api.w.org\/{rel}","templated":true}]}}