{"id":7199,"date":"2025-12-02T09:48:19","date_gmt":"2025-12-02T13:48:19","guid":{"rendered":"https:\/\/elmundodelapolitica.com\/v1\/senado-reconoce-aportes-de-ernesto-veloz-al-desarrollo-y-fortalecimiento-del-turismo-por-mas-de-30-anos\/"},"modified":"2025-12-02T09:48:19","modified_gmt":"2025-12-02T13:48:19","slug":"senado-reconoce-aportes-de-ernesto-veloz-al-desarrollo-y-fortalecimiento-del-turismo-por-mas-de-30-anos","status":"publish","type":"post","link":"https:\/\/elmundodelapolitica.com\/v1\/senado-reconoce-aportes-de-ernesto-veloz-al-desarrollo-y-fortalecimiento-del-turismo-por-mas-de-30-anos\/","title":{"rendered":"Senado reconoce aportes de Ernesto Veloz al desarrollo y fortalecimiento del turismo por m\u00e1s de 30 a\u00f1os"},"content":{"rendered":"<div>\n<p><strong>SANTO DOMINGO.-\u00a0<\/strong>El Senado de la Rep\u00fablica hizo un reconocimiento al licenciado Manuel Ernesto Veloz Valdez, por su destacada trayectoria y sus aportes al desarrollo y fortalecimiento del turismo en la Rep\u00fablica Dominicana en sus m\u00e1s de tres d\u00e9cadas como presidente de la Asociaci\u00f3n de Hoteles del Este (ASOLESTE), que representa a las empresas tur\u00edsticas de Punta Cana y otras comunidades de la provincia La Altagracia, principal destino tur\u00edstico de la regi\u00f3n del Caribe.<\/p>\n<figure class=\"wp-block-image size-large\"><img loading=\"lazy\" decoding=\"async\" width=\"1024\" height=\"682\" src=\"https:\/\/elmundodelosnegocios.com.do\/v1\/wp-content\/uploads\/2025\/12\/RECONOCIMIENTO-ERNESTO-VELOZ-SENADO-2-1024x682.jpg\" alt=\"\" class=\"wp-image-74604\" srcset=\"https:\/\/elmundodelosnegocios.com.do\/v1\/wp-content\/uploads\/2025\/12\/RECONOCIMIENTO-ERNESTO-VELOZ-SENADO-2-1024x682.jpg 1024w, https:\/\/elmundodelosnegocios.com.do\/v1\/wp-content\/uploads\/2025\/12\/RECONOCIMIENTO-ERNESTO-VELOZ-SENADO-2-300x200.jpg 300w, https:\/\/elmundodelosnegocios.com.do\/v1\/wp-content\/uploads\/2025\/12\/RECONOCIMIENTO-ERNESTO-VELOZ-SENADO-2-768x511.jpg 768w, https:\/\/elmundodelosnegocios.com.do\/v1\/wp-content\/uploads\/2025\/12\/RECONOCIMIENTO-ERNESTO-VELOZ-SENADO-2.jpg 1280w\" sizes=\"auto, (max-width: 1024px) 100vw, 1024px\"><\/figure>\n<p>El reconocimiento a Ernesto Veloz (como es conocido por todos), fue entregado por el presidente del \u00f3rgano legislativo, Ricardo de los Santos, durante un acto realizado hoy 27 de noviembre, en el Sal\u00f3n Polivalente \u201cReynaldo Pared Perez\u201d, del Palacio del Congreso Nacional.<\/p>\n<p>Desde ASOLESTE, entidad desde la cual ha desarrollado una labor de coordinaci\u00f3n, para apoyar el crecimiento de Punta Cana, con instituciones p\u00fablicas y privadas, dedicaci\u00f3n que le ha merecido ser confirmado en el cargo cada vez que cumple el mandato, por lo que se considera una \u201cexcelente labor en favor del turismo\u201d en la regi\u00f3n Este, Desde que a Punta Cana, en los a\u00f1os 90, confes\u00f3 \u201ccuando la zona ten\u00eda poco desarrollo vi un sue\u00f1o en el turismo\u201d.<\/p>\n<p>La resoluci\u00f3n del Senado, aprobada a sugerencia del senador Rafael Duluc (Cholitin), indica que Veloz cuenta con m\u00e1s de 30 a\u00f1os \u201cde aportes al desarrollo del turismo nacional y se ha erigido en un pilar fundamental para la consolidaci\u00f3n del turismo dominicano\u201d.<\/p>\n<p>\u201cDesde Asoleste Ernesto Veloz ha desempe\u00f1ado con eficiencia, liderazgo y compromiso\u00a0la representaci\u00f3n del sector hotelero del Este del pa\u00eds y, bajo su direcci\u00f3n, se han impulsado significativas obras de infraestructura como la autov\u00eda del Coral, el Bulevar Tur\u00edstico del Este y mejoras en seguridad, salud p\u00fablica, ordenamiento territorial y desarrollo urbano sostenible en la zona\u201d, precisa la resoluci\u00f3n del Senado.<\/p>\n<p>Veloz adem\u00e1s -indica el documento- ha promovido la capacitaci\u00f3n de la mano de obra local mediante alianzas estrat\u00e9gicas con instituciones como el INFOTEP, contribuyendo a elevar la calidad de los servicios tur\u00edsticos y la empleabilidad en la regi\u00f3n.<\/p>\n<p>Por todo lo anterior, se\u00f1ala, la trayectoria del se\u00f1or Ernesto Veloz ha sido reconocido\u00a0a nivel nacional e internacional, con el \u201cPremio Nacional de Turismo\u201d 2024 y el \u201cPremio Arecoa 2025\u201d en Fitur, \u201cpor sus aportes excepcionales\u201d al desarrollo tur\u00edstico de la Rep\u00fablica Dominicana.<\/p>\n<p>La resoluci\u00f3n destaca que durante su gesti\u00f3n en Asoleste ha asumido un firme compromiso con la sostenibilidad ambiental, promoviendo la conservaci\u00f3n de recursos naturales como la Laguna de B\u00e1varo y fomentando buenas pr\u00e1cticas para garantizar un turismo responsable.<\/p>\n<p>El acto fue encabezado por el presidente del Senado, Ricardo de los Santos, el vicepresidente del Organismo\u00a0y senador por Saman\u00e1, Pedro Catrain; la secretaria\u00a0senadora Lia Santana, de Azua y la senadora, Ginnette Burnigal de Puerto Plata.<\/p>\n<p>Al acto asistieron Frank Rainieri, su esposa Haide Rainieri, y su hija Paola Rainieri; Paul Beswick, de la Fundaci\u00f3n Puntacana; la exprocuradora Mirian German Brito, Manuel Quiterio Cede\u00f1o, reconocido l\u00edder de ADOMPRETUR, empresarios y personalidades del sector tur\u00edstico, autoridades de la provincia La Altagracia y legisladores.<\/p>\n<p><strong>Habla Cholitin<\/strong><\/p>\n<p>Al valorar la trayectoria de Ernesto Veloz, el senador de La Altagracia Rafael Duluc (Cholit\u00edn), destac\u00f3 su actitud de firmeza, amor y servicios por el pa\u00eds; \u00a0y \u201cuna vida dedicada al turismo de la regi\u00f3n y del pa\u00eds, con miles de horas de reuniones, de consenso, de tensiones que se resolvieron con di\u00e1logo, gestiones dif\u00edciles y de momentos alegres y batallas complejas\u201d.<\/p>\n<p>Asegur\u00f3 que Ernesto Veloz nunca busc\u00f3 protagonismos pero su trabajo promovi\u00f3 el desarrollo del turismo y de la regi\u00f3n, siendo \u201cpuente, interlocutor, voz prudente, firme y equilibrada del sector tur\u00edstico del Este\u201d.<\/p>\n<p>\u201cPero tambi\u00e9n, y es importante resaltar, ha sido una voz cr\u00edtica cuando el pa\u00eds lo ha necesitado; porque el di\u00e1logo y el \u00e9xito no se logran con silencios complacientes, es la capacidad de alzar la voz con respeto, con datos, con\u00a0argumentos y responsabilidad. Nunca ha tenido miedo a decir lo que piensa\u201d; ese es Ernesto Veloz, puntualiz\u00f3 Rafal Duluc.<\/p>\n<p><strong>Veloz agradece<\/strong><\/p>\n<p>Ernesto Veloz agradeci\u00f3 el homenaje con palabras de elogios para Frank Rainieri y su esposa, quienes lo promovieron para dirigir Asoleste, y cuando termin\u00f3 su compromiso con la empresa que lo llev\u00f3 a la regi\u00f3n, lo invitaron a unirse al Grupo Puntacana y \u201cdesde donde desde los a\u00f1os 90 vi hacer realidad mi sue\u00f1o con de desarrollo del turismo\u201d.<\/p>\n<p>En pocos a\u00f1os -record\u00f3- Asoleste, como importante motor del desarrollo de Punta Cana se convirti\u00f3 en una de las organizaciones empresariales tur\u00edsticas m\u00e1s representativa y activa del pa\u00eds, de Am\u00e9rica Latina y del Caribe.<\/p>\n<p>\u201cEstar a la cabeza de Asoleste me dio la oportunidad de ser un importante actor institucional en lo que hoy es el r\u00e1pido crecimiento y la din\u00e1mica econ\u00f3mica que ha generado Punta Cana para todo el pa\u00eds\u201d, manifest\u00f3.<\/p>\n<p>Veloz, dijo que siente orgullo de haber contribuido a convertir La Altagracia en uno de los polos de desarrollo m\u00e1s grandes de todo el mapa econ\u00f3mico de Rep\u00fablica Dominicana, \u201cporque la participaci\u00f3n en eso proceso de desarrollo tur\u00edsticos y una posici\u00f3n de liderazgo desde Asoleste me dio una gran oportunidad para crecer\u201d.<\/p>\n<p>En ese sentido, \u201cconfieso que es un motivo y orgullo de gran satisfacci\u00f3n que el Senado de la Rep\u00fablica me distinga por una participaci\u00f3n social a la que he dedicado entera e intensamente la mayor parte de mi vida\u201d.<\/p>\n<\/div>\n","protected":false},"excerpt":{"rendered":"<p>SANTO DOMINGO.-\u00a0El Senado de la Rep\u00fablica hizo un reconocimiento al licenciado Manuel Ernesto Veloz Valdez, por su destacada trayectoria y sus aportes al desarrollo y fortalecimiento del turismo en la&hellip; <\/p>\n","protected":false},"author":2,"featured_media":7200,"comment_status":"closed","ping_status":"closed","sticky":false,"template":"","format":"standard","meta":{"fifu_image_url":"https:\/\/elmundodelosnegocios.com.do\/v1\/wp-content\/uploads\/2025\/12\/RECONOCIMIENTO-ERNESTO-VELOZ-SENADO-2-1024x682.jpg","fifu_image_alt":"Senado reconoce aportes de Ernesto Veloz al desarrollo y fortalecimiento del turismo por m\u00e1s de 30 a\u00f1os","footnotes":""},"categories":[34],"tags":[],"class_list":["post-7199","post","type-post","status-publish","format-standard","has-post-thumbnail","hentry","category-turismo"],"_links":{"self":[{"href":"https:\/\/elmundodelapolitica.com\/v1\/wp-json\/wp\/v2\/posts\/7199","targetHints":{"allow":["GET"]}}],"collection":[{"href":"https:\/\/elmundodelapolitica.com\/v1\/wp-json\/wp\/v2\/posts"}],"about":[{"href":"https:\/\/elmundodelapolitica.com\/v1\/wp-json\/wp\/v2\/types\/post"}],"author":[{"embeddable":true,"href":"https:\/\/elmundodelapolitica.com\/v1\/wp-json\/wp\/v2\/users\/2"}],"replies":[{"embeddable":true,"href":"https:\/\/elmundodelapolitica.com\/v1\/wp-json\/wp\/v2\/comments?post=7199"}],"version-history":[{"count":0,"href":"https:\/\/elmundodelapolitica.com\/v1\/wp-json\/wp\/v2\/posts\/7199\/revisions"}],"wp:featuredmedia":[{"embeddable":true,"href":"https:\/\/elmundodelapolitica.com\/v1\/wp-json\/wp\/v2\/media\/7200"}],"wp:attachment":[{"href":"https:\/\/elmundodelapolitica.com\/v1\/wp-json\/wp\/v2\/media?parent=7199"}],"wp:term":[{"taxonomy":"category","embeddable":true,"href":"https:\/\/elmundodelapolitica.com\/v1\/wp-json\/wp\/v2\/categories?post=7199"},{"taxonomy":"post_tag","embeddable":true,"href":"https:\/\/elmundodelapolitica.com\/v1\/wp-json\/wp\/v2\/tags?post=7199"}],"curies":[{"name":"wp","href":"https:\/\/api.w.org\/{rel}","templated":true}]}}