{"id":7112,"date":"2025-12-01T12:07:54","date_gmt":"2025-12-01T16:07:54","guid":{"rendered":"https:\/\/elmundodelapolitica.com\/v1\/?p=7112"},"modified":"2025-12-01T12:07:55","modified_gmt":"2025-12-01T16:07:55","slug":"la-fuerza-del-pueblo-tambien-se-manifiesta-en-providence-rhode-istand","status":"publish","type":"post","link":"https:\/\/elmundodelapolitica.com\/v1\/la-fuerza-del-pueblo-tambien-se-manifiesta-en-providence-rhode-istand\/","title":{"rendered":"La Fuerza del Pueblo tambi\u00e9n se manifiesta en Providence Rhode Istand \u00a0"},"content":{"rendered":"\n<p>La manifestaci\u00f3n convocada por el partido Fuerza del Pueblo en la Rep\u00fablica Dominicana se hizo notar en otras localidades del mundo donde tienen representaci\u00f3n, como Providence, Rhode Island.<\/p>\n\n\n\n<p>Pedro Pineda, secretario general de la FP en ese estado, logr\u00f3 una extraordinaria convocatoria, reuniendo a miles de dominicanos y dominicanas que se sienten afectados por un gobierno que no ha asumido sus responsabilidades b\u00e1sicas.<\/p>\n\n\n\n<p>Precis\u00f3 que los militantes de la Fuerza del Pueblo en Providence se movilizaron sin importar las bajas temperaturas; el fr\u00edo no impidi\u00f3 que los dominicanos de la di\u00e1spora demostraran su compromiso al unirse a esa manifestaci\u00f3n simult\u00e1nea.<\/p>\n\n\n\n<p>Indiqu\u00e9 que la ciudadan\u00eda, desde Santo Domingo hasta Providence, alz\u00f3 su voz para reclamar soluciones ante los m\u00faltiples inconvenientes generados por la mala gesti\u00f3n gubernamental.<\/p>\n\n\n\n<p>Indic\u00f3 que el pueblo se expres\u00f3 con firmeza, enviando un claro mensaje al presidente Luis Abinader por el descuido que ha afectado al pa\u00eds y a la di\u00e1spora dominicana.<\/p>\n\n\n\n<p>\"La Fuerza del Pueblo, junto con miles de ciudadanos dentro y fuera de la Rep\u00fablica Dominicana, protagoniz\u00f3 una importante marcha en defensa de los derechos b\u00e1sicos del pueblo dominicano y en demanda de un mejor gobierno para el pa\u00eds\", se\u00f1al\u00f3 Pineda.<\/p>\n\n\n\n<p>La actividad en Providence fue coordinada por \u00c1ngel Rafael Ram\u00edrez, representante de Fuerza del Pueblo en esa demarcaci\u00f3n, junto con Jos\u00e9 Castro, encargado de organizaci\u00f3n, y el destacado l\u00edder comunitario Julio Aza.<\/p>\n\n\n\n<p>El p\u00e1rrafo est\u00e1 gramaticalmente correcto. No se requiere ninguna correcci\u00f3n.<\/p>\n\n\n\n<p>Tambi\u00e9n estuvieron Stefany Torres, Carmen Garc\u00eda, Antonio Cruz, Lucely Garc\u00eda, Braulio Marte y Gustavo Peguero Ruiz, entre otros importantes compa\u00f1eros y compa\u00f1eras de nuestro partido, Fuerza del Pueblo, en Providence, Rhode Island.<\/p>\n","protected":false},"excerpt":{"rendered":"<p>La manifestaci\u00f3n convocada por el partido Fuerza del Pueblo en la Rep\u00fablica Dominicana se hizo notar en otras localidades del mundo donde tienen representaci\u00f3n, como Providence, Rhode Island. Pedro Pineda,&hellip; <\/p>\n","protected":false},"author":1,"featured_media":7119,"comment_status":"closed","ping_status":"closed","sticky":false,"template":"","format":"standard","meta":{"fifu_image_url":"https:\/\/www.globalfoundationdd.org\/wp-content\/uploads\/2022\/07\/la-fuerza-del-pueblo-un-proyecto-en-ascenso-980x420.jpeg","fifu_image_alt":"","footnotes":""},"categories":[12],"tags":[],"class_list":["post-7112","post","type-post","status-publish","format-standard","has-post-thumbnail","hentry","category-agenda-politica"],"_links":{"self":[{"href":"https:\/\/elmundodelapolitica.com\/v1\/wp-json\/wp\/v2\/posts\/7112","targetHints":{"allow":["GET"]}}],"collection":[{"href":"https:\/\/elmundodelapolitica.com\/v1\/wp-json\/wp\/v2\/posts"}],"about":[{"href":"https:\/\/elmundodelapolitica.com\/v1\/wp-json\/wp\/v2\/types\/post"}],"author":[{"embeddable":true,"href":"https:\/\/elmundodelapolitica.com\/v1\/wp-json\/wp\/v2\/users\/1"}],"replies":[{"embeddable":true,"href":"https:\/\/elmundodelapolitica.com\/v1\/wp-json\/wp\/v2\/comments?post=7112"}],"version-history":[{"count":1,"href":"https:\/\/elmundodelapolitica.com\/v1\/wp-json\/wp\/v2\/posts\/7112\/revisions"}],"predecessor-version":[{"id":7118,"href":"https:\/\/elmundodelapolitica.com\/v1\/wp-json\/wp\/v2\/posts\/7112\/revisions\/7118"}],"wp:featuredmedia":[{"embeddable":true,"href":"https:\/\/elmundodelapolitica.com\/v1\/wp-json\/wp\/v2\/media\/7119"}],"wp:attachment":[{"href":"https:\/\/elmundodelapolitica.com\/v1\/wp-json\/wp\/v2\/media?parent=7112"}],"wp:term":[{"taxonomy":"category","embeddable":true,"href":"https:\/\/elmundodelapolitica.com\/v1\/wp-json\/wp\/v2\/categories?post=7112"},{"taxonomy":"post_tag","embeddable":true,"href":"https:\/\/elmundodelapolitica.com\/v1\/wp-json\/wp\/v2\/tags?post=7112"}],"curies":[{"name":"wp","href":"https:\/\/api.w.org\/{rel}","templated":true}]}}