{"id":7110,"date":"2025-12-01T03:03:05","date_gmt":"2025-12-01T07:03:05","guid":{"rendered":"https:\/\/elmundodelapolitica.com\/v1\/leonel-fernandez-encabeza-multitudinaria-marcha-del-pueblo-y-advierte-al-gobierno-del-prm\/"},"modified":"2025-12-01T12:08:57","modified_gmt":"2025-12-01T16:08:57","slug":"leonel-fernandez-encabeza-multitudinaria-marcha-del-pueblo-y-advierte-al-gobierno-del-prm","status":"publish","type":"post","link":"https:\/\/elmundodelapolitica.com\/v1\/leonel-fernandez-encabeza-multitudinaria-marcha-del-pueblo-y-advierte-al-gobierno-del-prm\/","title":{"rendered":"Leonel Fern\u00e1ndez encabeza multitudinaria \u201cMarcha del Pueblo\u201d y advierte al Gobierno del PRM"},"content":{"rendered":"\n<p><strong>Santo Domingo.<\/strong>\u2013 Miles de personas se sumaron este domingo a la \u201cMarcha del Pueblo\u201d, convocada por la Fuerza del Pueblo (FP) y encabezada por su l\u00edder, el expresidente Leonel Fern\u00e1ndez, quien calific\u00f3 la jornada como \u201cun plebiscito popular anticipado\u201d contra las actuales autoridades.&nbsp;<\/p>\n\n\n\n<p>La manifestaci\u00f3n recorri\u00f3 sectores del Distrito Nacional como La Zurza, Sim\u00f3n Bol\u00edvar, Villas Agr\u00edcolas, Villa Juana, Villa Consuelo y Mejoramiento Social, hasta concluir en la avenida M\u00e9xico con Duarte. Durante el trayecto, los participantes levantaron pancartas y consignas contra el alto costo de la vida, los apagones, la inseguridad y el deterioro de los servicios p\u00fablicos.&nbsp;<\/p>\n\n\n\n<p>Fern\u00e1ndez, en tono desafiante, llam\u00f3 a las autoridades del Partido Revolucionario Moderno (PRM) \u201cinquilinos temporales del Palacio Nacional\u201d y les pidi\u00f3 \u201crecoger sus maletas\u201d, al asegurar que la FP ganar\u00e1 en primera vuelta en las elecciones de 2028.&nbsp;<\/p>\n\n\n\n<p>\u201cHoy se ha escrito una p\u00e1gina memorable en la historia democr\u00e1tica de la Rep\u00fablica Dominicana\u201d, dijo el exmandatario, al destacar la presencia de campesinos, estudiantes, amas de casa, m\u00e9dicos, abogados, ingenieros y j\u00f3venes empresarios en la jornada.&nbsp;<\/p>\n\n\n\n<p>La Fuerza del Pueblo resalt\u00f3 que la marcha fue pac\u00edfica y que represent\u00f3 \u201cun reclamo nacional\u201d frente a los problemas que, aseguran, afectan al pa\u00eds.&nbsp; &nbsp;<\/p>\n","protected":false},"excerpt":{"rendered":"<p>Santo Domingo.\u2013 Miles de personas se sumaron este domingo a la \u201cMarcha del Pueblo\u201d, convocada por la Fuerza del Pueblo (FP) y encabezada por su l\u00edder, el expresidente Leonel Fern\u00e1ndez,&hellip; <\/p>\n","protected":false},"author":1,"featured_media":7121,"comment_status":"closed","ping_status":"closed","sticky":false,"template":"","format":"standard","meta":{"fifu_image_url":"https:\/\/i0.wp.com\/rnn.com.do\/wp-content\/uploads\/2025\/11\/WhatsApp-Image-2025-11-30-at-12.52.34-PM-1-scaled-1.jpeg?resize=696%2C464&ssl=1","fifu_image_alt":"","footnotes":""},"categories":[17],"tags":[],"class_list":["post-7110","post","type-post","status-publish","format-standard","has-post-thumbnail","hentry","category-politica"],"_links":{"self":[{"href":"https:\/\/elmundodelapolitica.com\/v1\/wp-json\/wp\/v2\/posts\/7110","targetHints":{"allow":["GET"]}}],"collection":[{"href":"https:\/\/elmundodelapolitica.com\/v1\/wp-json\/wp\/v2\/posts"}],"about":[{"href":"https:\/\/elmundodelapolitica.com\/v1\/wp-json\/wp\/v2\/types\/post"}],"author":[{"embeddable":true,"href":"https:\/\/elmundodelapolitica.com\/v1\/wp-json\/wp\/v2\/users\/1"}],"replies":[{"embeddable":true,"href":"https:\/\/elmundodelapolitica.com\/v1\/wp-json\/wp\/v2\/comments?post=7110"}],"version-history":[{"count":1,"href":"https:\/\/elmundodelapolitica.com\/v1\/wp-json\/wp\/v2\/posts\/7110\/revisions"}],"predecessor-version":[{"id":7120,"href":"https:\/\/elmundodelapolitica.com\/v1\/wp-json\/wp\/v2\/posts\/7110\/revisions\/7120"}],"wp:featuredmedia":[{"embeddable":true,"href":"https:\/\/elmundodelapolitica.com\/v1\/wp-json\/wp\/v2\/media\/7121"}],"wp:attachment":[{"href":"https:\/\/elmundodelapolitica.com\/v1\/wp-json\/wp\/v2\/media?parent=7110"}],"wp:term":[{"taxonomy":"category","embeddable":true,"href":"https:\/\/elmundodelapolitica.com\/v1\/wp-json\/wp\/v2\/categories?post=7110"},{"taxonomy":"post_tag","embeddable":true,"href":"https:\/\/elmundodelapolitica.com\/v1\/wp-json\/wp\/v2\/tags?post=7110"}],"curies":[{"name":"wp","href":"https:\/\/api.w.org\/{rel}","templated":true}]}}