{"id":7108,"date":"2025-12-01T12:10:08","date_gmt":"2025-12-01T16:10:08","guid":{"rendered":"https:\/\/elmundodelapolitica.com\/v1\/?p=7108"},"modified":"2025-12-01T12:10:09","modified_gmt":"2025-12-01T16:10:09","slug":"todos-los-dominicanos-merecemos-vivir-en-paz-y-con-condiciones-razonables-proclama-omar-fernandez","status":"publish","type":"post","link":"https:\/\/elmundodelapolitica.com\/v1\/todos-los-dominicanos-merecemos-vivir-en-paz-y-con-condiciones-razonables-proclama-omar-fernandez\/","title":{"rendered":"\u201cTodos los dominicanos merecemos vivir en paz y con condiciones razonables\u201d, proclama Omar Fern\u00e1ndez"},"content":{"rendered":"\n<p><strong>SANTO DOMINGO.&nbsp;<\/strong>\u2013 El senador por el Distrito Nacional, Omar Fern\u00e1ndez, afirm\u00f3 este domingo que los dominicanos merecen vivir con tranquilidad y en condiciones justas. Omar ofreci\u00f3 estas declaraciones su llegada a la&nbsp;<strong>Marcha del Pueblo<\/strong>&nbsp;convocada por la Fuerza del Pueblo (FP), destacando que la movilizaci\u00f3n responde a demandas fundamentales de la ciudadan\u00eda.<\/p>\n\n\n\n<p>\u201cTambi\u00e9n estamos exigiendo que tengamos un sistema de salud de calidad y de buen acceso para todos los dominicanos, una educaci\u00f3n de calidad, tambi\u00e9n estamos solicitando mejor seguridad ciudadana. Yo creo que todos los dominicanos merecemos vivir en paz y con condiciones razonables\u201d, se\u00f1al\u00f3.<\/p>\n\n\n\n<p>El legislador explic\u00f3 que la jornada, aunque organizada por la FP, est\u00e1 abierta a todos los ciudadanos que compartan estas demandas. \u201cEs una marcha convocada por la Fuerza del Pueblo, pero no se limita solamente a militantes, est\u00e1n convocados todos los ciudadanos de la Rep\u00fablica Dominicana que sientan lo mismo que estamos\u2026 Como pueden ver, muchas personas se van sumando a este reclamo justo por el pueblo dominicano. Estamos esperando decenas de millas de personas en un punto de encuentro m\u00e1s adelante, y eso es lo que nos convoca en el d\u00eda de hoy\u201d, agreg\u00f3.<\/p>\n\n\n\n<p>Se\u00f1al\u00f3 que la intenci\u00f3n es reclamar, de forma pac\u00edfica y dentro del marco de la Constituci\u00f3n, una Rep\u00fablica Dominicana con mayores oportunidades, mejor seguridad ciudadana, fortalecimiento de los derechos laborales y una educaci\u00f3n de calidad para todos. Afirm\u00f3 que estas demandas representan aspiraciones leg\u00edtimas de un pueblo que busca un futuro m\u00e1s pr\u00f3spero.<\/p>\n\n\n\n<p>Omar explic\u00f3 que el recorrido abarcar\u00e1 entre cuatro y cinco kil\u00f3metros y se desarrollar\u00e1 de manera organizada. Asimismo, adelant\u00f3 que las expectativas de participaci\u00f3n son elevadas, proyectando la asistencia de entre 50 mil y 70 mil personas. El senador asegur\u00f3 confiar plenamente en que la meta se cumplir\u00e1, resaltando el compromiso y la motivaci\u00f3n de quienes se han unido a este llamado ciudadano.<\/p>\n\n\n\n<p>La movilizaci\u00f3n, encabezada por el expresidente Leonel Fern\u00e1ndez, re\u00fane a militantes, simpatizantes y ciudadanos de diversos sectores, incluidos profesionales de la salud que protestaron por el deterioro de hospitales y la falta de medicamentos e insumos.<\/p>\n\n\n\n<p>El recorrido incluye sectores como La Zurza, Sim\u00f3n Bol\u00edvar, Ensanche Capotillo, Villas Agr\u00edcolas, Villa Juana, Villa Consuelo y Mejoramiento Social, concluyendo en la avenida M\u00e9xico, esquina Duarte.<\/p>\n","protected":false},"excerpt":{"rendered":"<p>SANTO DOMINGO.&nbsp;\u2013 El senador por el Distrito Nacional, Omar Fern\u00e1ndez, afirm\u00f3 este domingo que los dominicanos merecen vivir con tranquilidad y en condiciones justas. Omar ofreci\u00f3 estas declaraciones su llegada&hellip; <\/p>\n","protected":false},"author":1,"featured_media":7123,"comment_status":"closed","ping_status":"closed","sticky":false,"template":"","format":"standard","meta":{"fifu_image_url":"https:\/\/proceso.com.do\/wp-content\/uploads\/2025\/11\/OMAR-FERNANDEZ-EN-LA-MARCHA-650x400.webp","fifu_image_alt":"","footnotes":""},"categories":[12],"tags":[],"class_list":["post-7108","post","type-post","status-publish","format-standard","has-post-thumbnail","hentry","category-agenda-politica"],"_links":{"self":[{"href":"https:\/\/elmundodelapolitica.com\/v1\/wp-json\/wp\/v2\/posts\/7108","targetHints":{"allow":["GET"]}}],"collection":[{"href":"https:\/\/elmundodelapolitica.com\/v1\/wp-json\/wp\/v2\/posts"}],"about":[{"href":"https:\/\/elmundodelapolitica.com\/v1\/wp-json\/wp\/v2\/types\/post"}],"author":[{"embeddable":true,"href":"https:\/\/elmundodelapolitica.com\/v1\/wp-json\/wp\/v2\/users\/1"}],"replies":[{"embeddable":true,"href":"https:\/\/elmundodelapolitica.com\/v1\/wp-json\/wp\/v2\/comments?post=7108"}],"version-history":[{"count":1,"href":"https:\/\/elmundodelapolitica.com\/v1\/wp-json\/wp\/v2\/posts\/7108\/revisions"}],"predecessor-version":[{"id":7122,"href":"https:\/\/elmundodelapolitica.com\/v1\/wp-json\/wp\/v2\/posts\/7108\/revisions\/7122"}],"wp:featuredmedia":[{"embeddable":true,"href":"https:\/\/elmundodelapolitica.com\/v1\/wp-json\/wp\/v2\/media\/7123"}],"wp:attachment":[{"href":"https:\/\/elmundodelapolitica.com\/v1\/wp-json\/wp\/v2\/media?parent=7108"}],"wp:term":[{"taxonomy":"category","embeddable":true,"href":"https:\/\/elmundodelapolitica.com\/v1\/wp-json\/wp\/v2\/categories?post=7108"},{"taxonomy":"post_tag","embeddable":true,"href":"https:\/\/elmundodelapolitica.com\/v1\/wp-json\/wp\/v2\/tags?post=7108"}],"curies":[{"name":"wp","href":"https:\/\/api.w.org\/{rel}","templated":true}]}}