{"id":7106,"date":"2025-12-01T12:11:16","date_gmt":"2025-12-01T16:11:16","guid":{"rendered":"https:\/\/elmundodelapolitica.com\/v1\/?p=7106"},"modified":"2025-12-01T12:11:17","modified_gmt":"2025-12-01T16:11:17","slug":"carlos-pena-llama-a-la-fuerza-del-pueblo-a-pedir-perdon-a-los-dominicanos-por-haber-apoyado-al-prm","status":"publish","type":"post","link":"https:\/\/elmundodelapolitica.com\/v1\/carlos-pena-llama-a-la-fuerza-del-pueblo-a-pedir-perdon-a-los-dominicanos-por-haber-apoyado-al-prm\/","title":{"rendered":"Carlos Pe\u00f1a llama a la Fuerza del Pueblo a pedir perd\u00f3n a los dominicanos por haber apoyado al PRM."},"content":{"rendered":"\n<p>Santo Domingo.- Carlos Pe\u00f1a ha hecho un llamado al Partido Fuerza del Pueblo, a Leonel Fern\u00e1ndez, Omar Fern\u00e1ndez y a todo el liderazgo de esa organizaci\u00f3n a pedir perd\u00f3n a los dominicanos por ser aliados del PRM desde el 2020 y con su ayuda instalar el gobierno m\u00e1s desastroso de la historia del pa\u00eds.<\/p>\n\n\n\n<p>\"Antes de salir a marchar contra sus aliados del PRM, la Fuerza del Pueblo debe aclararle a los dominicanos si ya termin\u00f3 su profunda alianza con Lu\u00eds Abinader y su gobierno y luego pedir perd\u00f3n a la naci\u00f3n por el da\u00f1o realizado con esa funesta alianza\", resalt\u00f3 el aspirante presidencial Carlos Pe\u00f1a.<\/p>\n\n\n\n<p>Durante el acto de graduaci\u00f3n de la tercera promoci\u00f3n de la Escuela de Formaci\u00f3n Pol\u00edtica del Partido Generaci\u00f3n de Servidores, GenS, Carlos Pe\u00f1a manifest\u00f3 que Rep\u00fablica Dominicana necesita un liderazgo pol\u00edtico honesto y sincero, que ponga primero los intereses de la naci\u00f3n antes que sus propias apetencias.<video controls=\"\" src=\"https:\/\/proceso.com.do\/wp-content\/uploads\/2025\/11\/WhatsApp-Video-2025-11-29-at-2.52.52-PM.mp4\"><\/video><\/p>\n\n\n\n<p>Expres\u00f3 que que mientras GenS renunci\u00f3 al financiamiento p\u00fablico, la Fuerza del Pueblo, Leonel Fern\u00e1ndez y Omar Fern\u00e1ndez est\u00e1n recibiendo cerca de 3 mil millones de pesos del dinero de los impuestos de los dominicanos.<\/p>\n\n\n\n<p>Carlos Pe\u00f1a ha emplazado a la Fuerza del Pueblo a seguir los pasos de Generaci\u00f3n de Servidores, GenS, y renunciar a los 3 mil millones de pesos que est\u00e1n recibiendo para ser destinados a la indexaci\u00f3n de los salarios de los trabajadores dominicanos.<\/p>\n\n\n\n<p>\"La lucha de la Fuerza del Pueblo no es sincera, pues no ha renunciado p\u00fablicamente a la aliazna que por m\u00e1s de cinco a\u00f1os mantiene con el PRM y en segundo lugar se resiste a renunciar a los 3 mil millones de pesos que recibe de los impuestos de los dominicanos\", indic\u00f3 Carlos Pe\u00f1a<\/p>\n","protected":false},"excerpt":{"rendered":"<p>Santo Domingo.- Carlos Pe\u00f1a ha hecho un llamado al Partido Fuerza del Pueblo, a Leonel Fern\u00e1ndez, Omar Fern\u00e1ndez y a todo el liderazgo de esa organizaci\u00f3n a pedir perd\u00f3n a&hellip; <\/p>\n","protected":false},"author":1,"featured_media":7125,"comment_status":"closed","ping_status":"closed","sticky":false,"template":"","format":"standard","meta":{"fifu_image_url":"https:\/\/proceso.com.do\/wp-content\/uploads\/2025\/11\/WhatsApp-Image-2025-11-24-at-11.17.32-AM-1-650x400.webp","fifu_image_alt":"","footnotes":""},"categories":[12],"tags":[],"class_list":["post-7106","post","type-post","status-publish","format-standard","has-post-thumbnail","hentry","category-agenda-politica"],"_links":{"self":[{"href":"https:\/\/elmundodelapolitica.com\/v1\/wp-json\/wp\/v2\/posts\/7106","targetHints":{"allow":["GET"]}}],"collection":[{"href":"https:\/\/elmundodelapolitica.com\/v1\/wp-json\/wp\/v2\/posts"}],"about":[{"href":"https:\/\/elmundodelapolitica.com\/v1\/wp-json\/wp\/v2\/types\/post"}],"author":[{"embeddable":true,"href":"https:\/\/elmundodelapolitica.com\/v1\/wp-json\/wp\/v2\/users\/1"}],"replies":[{"embeddable":true,"href":"https:\/\/elmundodelapolitica.com\/v1\/wp-json\/wp\/v2\/comments?post=7106"}],"version-history":[{"count":1,"href":"https:\/\/elmundodelapolitica.com\/v1\/wp-json\/wp\/v2\/posts\/7106\/revisions"}],"predecessor-version":[{"id":7124,"href":"https:\/\/elmundodelapolitica.com\/v1\/wp-json\/wp\/v2\/posts\/7106\/revisions\/7124"}],"wp:featuredmedia":[{"embeddable":true,"href":"https:\/\/elmundodelapolitica.com\/v1\/wp-json\/wp\/v2\/media\/7125"}],"wp:attachment":[{"href":"https:\/\/elmundodelapolitica.com\/v1\/wp-json\/wp\/v2\/media?parent=7106"}],"wp:term":[{"taxonomy":"category","embeddable":true,"href":"https:\/\/elmundodelapolitica.com\/v1\/wp-json\/wp\/v2\/categories?post=7106"},{"taxonomy":"post_tag","embeddable":true,"href":"https:\/\/elmundodelapolitica.com\/v1\/wp-json\/wp\/v2\/tags?post=7106"}],"curies":[{"name":"wp","href":"https:\/\/api.w.org\/{rel}","templated":true}]}}