{"id":7104,"date":"2025-12-01T12:12:42","date_gmt":"2025-12-01T16:12:42","guid":{"rendered":"https:\/\/elmundodelapolitica.com\/v1\/?p=7104"},"modified":"2025-12-01T12:12:43","modified_gmt":"2025-12-01T16:12:43","slug":"prm-pone-en-marcha-jornada-nacional-verificate-con-moderna-plataforma-biometrica","status":"publish","type":"post","link":"https:\/\/elmundodelapolitica.com\/v1\/prm-pone-en-marcha-jornada-nacional-verificate-con-moderna-plataforma-biometrica\/","title":{"rendered":"PRM pone en marcha jornada nacional \"Verif\u00edcate\u201d con moderna plataforma biom\u00e9trica"},"content":{"rendered":"\n<p><strong>Se lleva a cabo de forma simult\u00e1nea en todo el pa\u00eds y en las seccionales en el exterior.<\/strong><\/p>\n\n\n\n<p>Santo Domingo. \u2013 El Partido Revolucionario Moderno (PRM) inici\u00f3 este s\u00e1bado la jornada nacional \"Verif\u00edcate\", una iniciativa de registro y actualizaci\u00f3n del padr\u00f3n que utiliza una moderna plataforma de registro biom\u00e9trico y se lleva a cabo de forma simult\u00e1nea en todo el pa\u00eds y en las seccionales del exterior.<\/p>\n\n\n\n<p>El acto en la circunscripci\u00f3n 2 del Distrito Nacional fue encabezado por el Secretario Nacional de Organizaci\u00f3n del partido, Deligne Ascenci\u00f3n, junto al dirigente Hip\u00f3lito Beltr\u00e9, la diputada Francisca J\u00e1quez, entre otros.<\/p>\n\n\n\n<p>En ese sentido, Ascenci\u00f3n explic\u00f3 que el proceso se lleva a cabo mediante una plataforma digital que permite a los militantes confirmar su estatus y a nuevos interesados inscribirse desde cualquier dispositivo, destacando el sistema de validaci\u00f3n biom\u00e9trica incorporado.<video controls=\"\" src=\"https:\/\/proceso.com.do\/wp-content\/uploads\/2025\/11\/WhatsApp-Video-2025-11-29-at-9.57.39-AM.mp4\"><\/video><\/p>\n\n\n\n<p>El dirigente se\u00f1al\u00f3 que comisiones partidarias est\u00e1n trabajando en toda la geograf\u00eda nacional, con puntos estrat\u00e9gicos como el ubicado en la intersecci\u00f3n de Nicol\u00e1s de Ovando con Ortega y Gasset, donde se llev\u00f3 a cabo la apertura local.<\/p>\n\n\n\n<p>Agreg\u00f3 que el proceso tambi\u00e9n avanza en el exterior, especialmente en Europa, con reportes positivos de dirigentes como Jaime Marte Mart\u00ednez y Dionisio Losantos.<\/p>\n\n\n\n<p>Subray\u00f3 que la aplicaci\u00f3n impide inscripciones irregulares y destac\u00f3 que, incluso antes del lanzamiento oficial, m\u00e1s de 230 mil personas ya se hab\u00edan verificado. Concluy\u00f3 que la actualizaci\u00f3n continua del padr\u00f3n es esencial para mantener informaci\u00f3n confiable y fortalecer el v\u00ednculo entre la dirigencia y su militancia.<\/p>\n","protected":false},"excerpt":{"rendered":"<p>Se lleva a cabo de forma simult\u00e1nea en todo el pa\u00eds y en las seccionales en el exterior. Santo Domingo. \u2013 El Partido Revolucionario Moderno (PRM) inici\u00f3 este s\u00e1bado la&hellip; <\/p>\n","protected":false},"author":1,"featured_media":7127,"comment_status":"closed","ping_status":"closed","sticky":false,"template":"","format":"standard","meta":{"fifu_image_url":"https:\/\/proceso.com.do\/wp-content\/uploads\/2025\/11\/WhatsApp-Image-2025-11-29-at-1.12.27-PM-650x400.webp","fifu_image_alt":"","footnotes":""},"categories":[12],"tags":[],"class_list":["post-7104","post","type-post","status-publish","format-standard","has-post-thumbnail","hentry","category-agenda-politica"],"_links":{"self":[{"href":"https:\/\/elmundodelapolitica.com\/v1\/wp-json\/wp\/v2\/posts\/7104","targetHints":{"allow":["GET"]}}],"collection":[{"href":"https:\/\/elmundodelapolitica.com\/v1\/wp-json\/wp\/v2\/posts"}],"about":[{"href":"https:\/\/elmundodelapolitica.com\/v1\/wp-json\/wp\/v2\/types\/post"}],"author":[{"embeddable":true,"href":"https:\/\/elmundodelapolitica.com\/v1\/wp-json\/wp\/v2\/users\/1"}],"replies":[{"embeddable":true,"href":"https:\/\/elmundodelapolitica.com\/v1\/wp-json\/wp\/v2\/comments?post=7104"}],"version-history":[{"count":1,"href":"https:\/\/elmundodelapolitica.com\/v1\/wp-json\/wp\/v2\/posts\/7104\/revisions"}],"predecessor-version":[{"id":7126,"href":"https:\/\/elmundodelapolitica.com\/v1\/wp-json\/wp\/v2\/posts\/7104\/revisions\/7126"}],"wp:featuredmedia":[{"embeddable":true,"href":"https:\/\/elmundodelapolitica.com\/v1\/wp-json\/wp\/v2\/media\/7127"}],"wp:attachment":[{"href":"https:\/\/elmundodelapolitica.com\/v1\/wp-json\/wp\/v2\/media?parent=7104"}],"wp:term":[{"taxonomy":"category","embeddable":true,"href":"https:\/\/elmundodelapolitica.com\/v1\/wp-json\/wp\/v2\/categories?post=7104"},{"taxonomy":"post_tag","embeddable":true,"href":"https:\/\/elmundodelapolitica.com\/v1\/wp-json\/wp\/v2\/tags?post=7104"}],"curies":[{"name":"wp","href":"https:\/\/api.w.org\/{rel}","templated":true}]}}