{"id":7103,"date":"2025-11-29T03:04:02","date_gmt":"2025-11-29T07:04:02","guid":{"rendered":"https:\/\/elmundodelapolitica.com\/v1\/oposicion-exige-detalles-del-acuerdo-que-permite-a-ee-uu-abastecer-aeronaves-en-rd\/"},"modified":"2025-12-01T12:14:26","modified_gmt":"2025-12-01T16:14:26","slug":"oposicion-exige-detalles-del-acuerdo-que-permite-a-ee-uu-abastecer-aeronaves-en-rd","status":"publish","type":"post","link":"https:\/\/elmundodelapolitica.com\/v1\/oposicion-exige-detalles-del-acuerdo-que-permite-a-ee-uu-abastecer-aeronaves-en-rd\/","title":{"rendered":"Oposici\u00f3n exige detalles del acuerdo que permite a EE.UU. abastecer aeronaves en RD"},"content":{"rendered":"\n<p><strong>Santo Domingo.-<\/strong>&nbsp;La oposici\u00f3n exigi\u00f3 al gobierno explicar en detalle el acuerdo que permite a&nbsp;<strong>Estados Unidos abastecer sus aeronaves<\/strong>&nbsp;y realizar transporte t\u00e9cnico en los aeropuertos de&nbsp;<strong>Las Am\u00e9ricas<\/strong>&nbsp;y&nbsp;<strong>San Isidro<\/strong>, como parte de las operaciones contra el narcotr\u00e1fico.<\/p>\n\n\n\n<p>Legisladores consideran que esta concesi\u00f3n debe ser conocida por el Congreso y comunicada con claridad a la ciudadan\u00eda, debido al impacto que podr\u00eda tener en la pol\u00edtica exterior del pa\u00eds.<\/p>\n\n\n\n<p>Los opositores plantearon que permitir a la&nbsp;<strong>Armada de Estados Unidos<\/strong>&nbsp;utilizar instalaciones dominicanas requiere mayor transparencia, aunque reconocen que la medida se sustenta en el&nbsp;<strong>acuerdo de interdicci\u00f3n a\u00e9rea y mar\u00edtima del 2003<\/strong>. Aun as\u00ed, insisten en que el gobierno debe ampliar la explicaci\u00f3n al pa\u00eds para evitar interpretaciones err\u00f3neas.<\/p>\n\n\n\n<p>Voceros de distintos partidos coincidieron en que decisiones de este tipo deben pasar por el Congreso. Algunos, como el diputado del PRSC&nbsp;<strong>Alfonso Genao<\/strong>, aseguraron que los l\u00edderes pol\u00edticos fueron consultados y que la legalidad del acuerdo est\u00e1 cubierta, mientras otros advirtieron que la tensi\u00f3n entre&nbsp;<strong>Estados Unidos y Venezuela<\/strong>&nbsp;obliga a manejar el tema con prudencia.<\/p>\n\n\n\n<p>El diputado Pedro Mart\u00ednez se\u00f1al\u00f3 que cualquier acci\u00f3n vinculada a una potencia mundial debe ser tratada con extremo cuidado, ya que puede prestarse a distorsiones, mientras Alcib\u00edades Taveras afirm\u00f3 que el Congreso debe refrendar la medida para garantizar un proceso participativo.<\/p>\n\n\n\n<p>Los legisladores coincidieron en que, aunque el acuerdo se enmarca en los l\u00edmites del pacto de&nbsp;<strong>1995<\/strong>, es necesario asegurar que los aeropuertos dominicanos no sean utilizados en acciones que afecten al pueblo suramericano.<\/p>\n","protected":false},"excerpt":{"rendered":"<p>Santo Domingo.-&nbsp;La oposici\u00f3n exigi\u00f3 al gobierno explicar en detalle el acuerdo que permite a&nbsp;Estados Unidos abastecer sus aeronaves&nbsp;y realizar transporte t\u00e9cnico en los aeropuertos de&nbsp;Las Am\u00e9ricas&nbsp;y&nbsp;San Isidro, como parte de&hellip; <\/p>\n","protected":false},"author":1,"featured_media":7130,"comment_status":"closed","ping_status":"closed","sticky":false,"template":"","format":"standard","meta":{"fifu_image_url":"https:\/\/ehplus.do\/wp-content\/uploads\/2025\/11\/imagen-shutterstock2492064347-332392d7-focus-0-0-896-504.jpg","fifu_image_alt":"","footnotes":""},"categories":[17],"tags":[],"class_list":["post-7103","post","type-post","status-publish","format-standard","has-post-thumbnail","hentry","category-politica"],"_links":{"self":[{"href":"https:\/\/elmundodelapolitica.com\/v1\/wp-json\/wp\/v2\/posts\/7103","targetHints":{"allow":["GET"]}}],"collection":[{"href":"https:\/\/elmundodelapolitica.com\/v1\/wp-json\/wp\/v2\/posts"}],"about":[{"href":"https:\/\/elmundodelapolitica.com\/v1\/wp-json\/wp\/v2\/types\/post"}],"author":[{"embeddable":true,"href":"https:\/\/elmundodelapolitica.com\/v1\/wp-json\/wp\/v2\/users\/1"}],"replies":[{"embeddable":true,"href":"https:\/\/elmundodelapolitica.com\/v1\/wp-json\/wp\/v2\/comments?post=7103"}],"version-history":[{"count":1,"href":"https:\/\/elmundodelapolitica.com\/v1\/wp-json\/wp\/v2\/posts\/7103\/revisions"}],"predecessor-version":[{"id":7129,"href":"https:\/\/elmundodelapolitica.com\/v1\/wp-json\/wp\/v2\/posts\/7103\/revisions\/7129"}],"wp:featuredmedia":[{"embeddable":true,"href":"https:\/\/elmundodelapolitica.com\/v1\/wp-json\/wp\/v2\/media\/7130"}],"wp:attachment":[{"href":"https:\/\/elmundodelapolitica.com\/v1\/wp-json\/wp\/v2\/media?parent=7103"}],"wp:term":[{"taxonomy":"category","embeddable":true,"href":"https:\/\/elmundodelapolitica.com\/v1\/wp-json\/wp\/v2\/categories?post=7103"},{"taxonomy":"post_tag","embeddable":true,"href":"https:\/\/elmundodelapolitica.com\/v1\/wp-json\/wp\/v2\/tags?post=7103"}],"curies":[{"name":"wp","href":"https:\/\/api.w.org\/{rel}","templated":true}]}}