{"id":7099,"date":"2025-12-01T12:16:41","date_gmt":"2025-12-01T16:16:41","guid":{"rendered":"https:\/\/elmundodelapolitica.com\/v1\/?p=7099"},"modified":"2025-12-01T12:16:41","modified_gmt":"2025-12-01T16:16:41","slug":"prm-anuncia-para-este-fin-de-semana-jornada-nacional-de-afiliacion-y-verificacion-electoral","status":"publish","type":"post","link":"https:\/\/elmundodelapolitica.com\/v1\/prm-anuncia-para-este-fin-de-semana-jornada-nacional-de-afiliacion-y-verificacion-electoral\/","title":{"rendered":"PRM anuncia para este fin de semana jornada nacional de afiliaci\u00f3n y verificaci\u00f3n electoral"},"content":{"rendered":"\n<p>Rep\u00fablica Dominicana.-El Partido Revolucionario Moderno (PRM) anunci\u00f3 que este s\u00e1bado 29 y domingo 30 de noviembre llevar\u00e1 a cabo una amplia jornada en todo el territorio nacional de revisi\u00f3n y de inscripci\u00f3n de sus militantes y de ciudadanos que deseen formar parte de esa organizaci\u00f3n pol\u00edtica.<\/p>\n\n\n\n<p>As\u00ed lo inform\u00f3 Deligne Ascenci\u00f3n, secretario de organizaci\u00f3n del PRM y miembro de la Direcci\u00f3n Ejecutiva de ese partido, quien dijo que&nbsp; centenares de perremeistas estar\u00e1n abiertos a recibir a los que deseen afiliarse a esa organizaci\u00f3n.<\/p>\n\n\n\n<p>\u201cApoyemos todos esta important\u00edsima jornada de verif\u00edcate y de inscripci\u00f3n de nuevos militantes que estar\u00e1 desarrollando nuestro Partido Revolucionario Moderno y que con tu apoyo ser\u00e1 coronada de \u00e9xito\u201d, expres\u00f3 Ascenci\u00f3n..<video controls=\"\" src=\"https:\/\/proceso.com.do\/wp-content\/uploads\/2025\/11\/WhatsApp-Video-2025-11-27-at-15.11.03.mp4\"><\/video><\/p>\n\n\n\n<p>Las jornadas se ejecutar\u00e1n en los municipios cabecera y en otros municipios importantes seleccionados por las respectivas direcciones provinciales, instalando puntos fijos en los locales del partido, centros comerciales y lugares de mucho tr\u00e1nsito de personas, as\u00ed como mediante visitas casa por casa.<\/p>\n\n\n\n<p>Distribuci\u00f3n por provincias<\/p>\n\n\n\n<p>El operativo busca fortalecer la estructura partidaria territorial y preparar el camino hacia los procesos electorales venideros.<\/p>\n\n\n\n<p>En el Distrito Nacional, los padrinos designados son Faride Raful y Stalin Alc\u00e1ntara para la circunscripci\u00f3n 1, Samuel Pereyra en la circunscripci\u00f3n 2 y Eduardo Sanz Lovat\u00f3n en la circunscripci\u00f3n 3.<\/p>\n\n\n\n<p>Para el Gran Santo Domingo, se establecieron designaciones por municipios: Alfredo Pacheco en Santo Domingo Este, Tony Pe\u00f1a en Santo Domingo Norte, Josefa Castillo en Boca Chica, Gloria Reyes en Los Alcarrizos, Rolfi Rojas en Pedro Brand, \u00c1ngel de la Cruz en Santo Domingo Oeste y Eddy Olivares en San Antonio de Guerra.<\/p>\n\n\n\n<p>En la provincia de Santiago, los encargados de la jornada ser\u00e1n Raquel Pe\u00f1a, junto a Ulises Rodr\u00edguez y Andr\u00e9s Cueto. En La Vega, Limbert Cruz estar\u00e1 a cargo de los municipios de La Vega y Jima, mientras que Kelvin Cruz supervisar\u00e1 los municipios de Jarabacoa y Constanza. En Puerto Plata, el responsable ser\u00e1 Igor Rodr\u00edguez.<\/p>\n\n\n\n<p>El equipo de padrinos para la provincia Duarte estar\u00e1 encabezado por Franklin Garc\u00eda Ferm\u00edn y Olmedo Caba. En Espaillat, fue designado Andr\u00e9s Bautista. En Mar\u00eda Trinidad S\u00e1nchez, el coordinador ser\u00e1 Demetrio Vicente, y en Saman\u00e1, Alexis Victoria. La provincia Hermanas Mirabal estar\u00e1 bajo la supervisi\u00f3n de Freddy Correa, mientras que Monse\u00f1or Nouel tendr\u00e1 como padrino a Freddy Fern\u00e1ndez. Para S\u00e1nchez Ram\u00edrez fue asignado Ricardo de los Santos.<\/p>\n\n\n\n<p>En Valverde, la coordinaci\u00f3n estar\u00e1 en manos de V\u00edctor D\u2019Aza; en Dajab\u00f3n, Margarito Carlos de Le\u00f3n; en Santiago Rodr\u00edguez, Fernando Antonio Dur\u00e1n; y en Montecristi, Luis Delgado. Rafael Salazar ser\u00e1 el padrino en San Crist\u00f3bal y Luis Valdez en Peravia.<\/p>\n\n\n\n<p>La provincia de San Jos\u00e9 de Ocoa estar\u00e1 representada por Roberto \u00c1ngel Salcedo, quien tendr\u00e1 la misi\u00f3n de coordinar las actividades del PRACAF en esta demarcaci\u00f3n. En Azua fue designado Guido G\u00f3mez Mazara, y en Barahona, Edgar F\u00e9liz. Para Bahoruco, el PRM asign\u00f3 a Los Hermanos Lamas, y en Independencia, a Frank Erasme. Pedernales ser\u00e1 responsabilidad de Sigmund Freund.<\/p>\n\n\n\n<p>En El\u00edas Pi\u00f1a, el dirigente asignado es Faruk Miguel Castillo. Para San Juan, fueron seleccionados Eulalio Ram\u00edrez y David Herrera. Miguel V\u00e1squez fue asignado a la provincia de Hato Mayor, mientras que V\u00edctor Bison\u00f3 tendr\u00e1 a su cargo Monte Plata.<\/p>\n\n\n\n<p>Completan el listado: Nelson Arroyo como padrino pol\u00edtico de San Pedro de Macor\u00eds, Santiago Zorrilla en El Seibo, Carlos Bonilla en La Romana, y Jean Luis Rodr\u00edguez en La Altagracia.<\/p>\n","protected":false},"excerpt":{"rendered":"<p>Rep\u00fablica Dominicana.-El Partido Revolucionario Moderno (PRM) anunci\u00f3 que este s\u00e1bado 29 y domingo 30 de noviembre llevar\u00e1 a cabo una amplia jornada en todo el territorio nacional de revisi\u00f3n y&hellip; <\/p>\n","protected":false},"author":1,"featured_media":7133,"comment_status":"closed","ping_status":"closed","sticky":false,"template":"","format":"standard","meta":{"fifu_image_url":"https:\/\/i0.wp.com\/nuevodiario-assets.s3.us-east-2.amazonaws.com\/wp-content\/uploads\/2025\/11\/Deligne-Ascencion-Foto-PRM.jpeg?fit=959%2C565&quality=100&ssl=1","fifu_image_alt":"","footnotes":""},"categories":[12],"tags":[],"class_list":["post-7099","post","type-post","status-publish","format-standard","has-post-thumbnail","hentry","category-agenda-politica"],"_links":{"self":[{"href":"https:\/\/elmundodelapolitica.com\/v1\/wp-json\/wp\/v2\/posts\/7099","targetHints":{"allow":["GET"]}}],"collection":[{"href":"https:\/\/elmundodelapolitica.com\/v1\/wp-json\/wp\/v2\/posts"}],"about":[{"href":"https:\/\/elmundodelapolitica.com\/v1\/wp-json\/wp\/v2\/types\/post"}],"author":[{"embeddable":true,"href":"https:\/\/elmundodelapolitica.com\/v1\/wp-json\/wp\/v2\/users\/1"}],"replies":[{"embeddable":true,"href":"https:\/\/elmundodelapolitica.com\/v1\/wp-json\/wp\/v2\/comments?post=7099"}],"version-history":[{"count":1,"href":"https:\/\/elmundodelapolitica.com\/v1\/wp-json\/wp\/v2\/posts\/7099\/revisions"}],"predecessor-version":[{"id":7132,"href":"https:\/\/elmundodelapolitica.com\/v1\/wp-json\/wp\/v2\/posts\/7099\/revisions\/7132"}],"wp:featuredmedia":[{"embeddable":true,"href":"https:\/\/elmundodelapolitica.com\/v1\/wp-json\/wp\/v2\/media\/7133"}],"wp:attachment":[{"href":"https:\/\/elmundodelapolitica.com\/v1\/wp-json\/wp\/v2\/media?parent=7099"}],"wp:term":[{"taxonomy":"category","embeddable":true,"href":"https:\/\/elmundodelapolitica.com\/v1\/wp-json\/wp\/v2\/categories?post=7099"},{"taxonomy":"post_tag","embeddable":true,"href":"https:\/\/elmundodelapolitica.com\/v1\/wp-json\/wp\/v2\/tags?post=7099"}],"curies":[{"name":"wp","href":"https:\/\/api.w.org\/{rel}","templated":true}]}}