{"id":7092,"date":"2025-12-01T12:24:21","date_gmt":"2025-12-01T16:24:21","guid":{"rendered":"https:\/\/elmundodelapolitica.com\/v1\/?p=7092"},"modified":"2025-12-01T12:24:22","modified_gmt":"2025-12-01T16:24:22","slug":"fuerza-del-pueblo-exige-al-prm-revelar-nombres-de-funcionarios-vinculados-al-narcotrafico-a-los-que-paliza-hizo-alusion","status":"publish","type":"post","link":"https:\/\/elmundodelapolitica.com\/v1\/fuerza-del-pueblo-exige-al-prm-revelar-nombres-de-funcionarios-vinculados-al-narcotrafico-a-los-que-paliza-hizo-alusion\/","title":{"rendered":"Fuerza del Pueblo exige al PRM revelar nombres de funcionarios vinculados al narcotr\u00e1fico, a los que Paliza hizo alusi\u00f3n"},"content":{"rendered":"\n<p>Santo Domingo, Rep\u00fablica Dominicana. \u2013 El partido Fuerza del Pueblo (FP) exigi\u00f3 este lunes al Partido Revolucionario Moderno (PRM) que revele los nombres de los funcionarios electos y dirigentes de su propia organizaci\u00f3n que estar\u00edan vinculados al narcotr\u00e1fico y al crimen organizado, como lo dio a entender recientemente su presidente y actual ministro de la Presidencia, Jos\u00e9 Ignacio Paliza.<\/p>\n\n\n\n<p>La solicitud fue realizada por Ra\u00fal Mart\u00ednez, miembro de la Direcci\u00f3n Pol\u00edtica y secretario de Asuntos Jur\u00eddicos de la FP, quien manifest\u00f3 que los se\u00f1alamientos de Paliza generan una seria preocupaci\u00f3n en la sociedad dominicana y obligan al Gobierno a asumir responsabilidades inmediatas.<\/p>\n\n\n\n<p>\u201cNunca antes en la historia hab\u00edamos visto un partido de gobierno tan gravemente se\u00f1alado por constantes casos de personas vinculadas al crimen organizado ocupando roles importantes dentro de su estructura\u201d, afirm\u00f3 Mart\u00ednez.<\/p>\n\n\n\n<p>El dirigente opositor critic\u00f3 el hecho de que, pese a los m\u00faltiples casos de funcionarios del PRM involucrados en hechos delictivos, algunos de ellos incluso extraditados hacia los Estados Unidos, Paliza no ofreciera disculpas p\u00fablicas a la poblaci\u00f3n durante su discurso.<\/p>\n\n\n\n<p>\u201cMuchos esper\u00e1bamos una disculpa del presidente del PRM por esta inconducta reiterada de altos dirigentes de su partido. Sin embargo, eso no ocurri\u00f3. En lugar de asumir su responsabilidad, prefiri\u00f3 culpar a gestiones anteriores por situaciones que claramente competen a los actuales incumbentes\u201d, declar\u00f3.<\/p>\n\n\n\n<p>Mart\u00ednez consider\u00f3 como alarmante la revelaci\u00f3n de que, seg\u00fan Paliza, habr\u00eda m\u00e1s funcionarios y dirigentes del PRM vinculados al narcotr\u00e1fico. Ante esta afirmaci\u00f3n, demand\u00f3 que el ministro de la Presidencia entregue la informaci\u00f3n al Ministerio P\u00fablico para que se inicien las investigaciones correspondientes.<\/p>\n\n\n\n<p>\u201cEl se\u00f1or Paliza debe acercarse al Ministerio P\u00fablico y revelar los nombres de esos funcionarios\u201d, enfatiz\u00f3.<\/p>\n\n\n\n<p>El secretario jur\u00eddico de la Fuerza del Pueblo inst\u00f3 al partido de gobierno a emprender una profunda profilaxis institucional, se\u00f1alando que la infiltraci\u00f3n del crimen organizado en las estructuras del Estado representa una amenaza directa a la democracia y a la convivencia ciudadana.<\/p>\n\n\n\n<p>El presidente del PRM Jos\u00e9 Ignacio Paliza dijo en una alocuci\u00f3n,: \u201cEstoy casi convencido\u201d que surgir\u00e1n m\u00e1s casos de narcotr\u00e1fico.<\/p>\n","protected":false},"excerpt":{"rendered":"<p>Santo Domingo, Rep\u00fablica Dominicana. \u2013 El partido Fuerza del Pueblo (FP) exigi\u00f3 este lunes al Partido Revolucionario Moderno (PRM) que revele los nombres de los funcionarios electos y dirigentes de&hellip; <\/p>\n","protected":false},"author":1,"featured_media":7136,"comment_status":"closed","ping_status":"closed","sticky":false,"template":"","format":"standard","meta":{"fifu_image_url":"https:\/\/proceso.com.do\/wp-content\/uploads\/2025\/11\/RAUL-MARTINEZ-FUERZA-PUEBLO-650x400.webp","fifu_image_alt":"","footnotes":""},"categories":[12],"tags":[],"class_list":["post-7092","post","type-post","status-publish","format-standard","has-post-thumbnail","hentry","category-agenda-politica"],"_links":{"self":[{"href":"https:\/\/elmundodelapolitica.com\/v1\/wp-json\/wp\/v2\/posts\/7092","targetHints":{"allow":["GET"]}}],"collection":[{"href":"https:\/\/elmundodelapolitica.com\/v1\/wp-json\/wp\/v2\/posts"}],"about":[{"href":"https:\/\/elmundodelapolitica.com\/v1\/wp-json\/wp\/v2\/types\/post"}],"author":[{"embeddable":true,"href":"https:\/\/elmundodelapolitica.com\/v1\/wp-json\/wp\/v2\/users\/1"}],"replies":[{"embeddable":true,"href":"https:\/\/elmundodelapolitica.com\/v1\/wp-json\/wp\/v2\/comments?post=7092"}],"version-history":[{"count":1,"href":"https:\/\/elmundodelapolitica.com\/v1\/wp-json\/wp\/v2\/posts\/7092\/revisions"}],"predecessor-version":[{"id":7135,"href":"https:\/\/elmundodelapolitica.com\/v1\/wp-json\/wp\/v2\/posts\/7092\/revisions\/7135"}],"wp:featuredmedia":[{"embeddable":true,"href":"https:\/\/elmundodelapolitica.com\/v1\/wp-json\/wp\/v2\/media\/7136"}],"wp:attachment":[{"href":"https:\/\/elmundodelapolitica.com\/v1\/wp-json\/wp\/v2\/media?parent=7092"}],"wp:term":[{"taxonomy":"category","embeddable":true,"href":"https:\/\/elmundodelapolitica.com\/v1\/wp-json\/wp\/v2\/categories?post=7092"},{"taxonomy":"post_tag","embeddable":true,"href":"https:\/\/elmundodelapolitica.com\/v1\/wp-json\/wp\/v2\/tags?post=7092"}],"curies":[{"name":"wp","href":"https:\/\/api.w.org\/{rel}","templated":true}]}}